{"id":9256,"date":"2014-09-30T00:00:00","date_gmt":"2022-12-13T15:53:05","guid":{"rendered":"https:\/\/www.belvilla.nl\/blog\/?p=9256"},"modified":"2023-10-22T10:48:38","modified_gmt":"2023-10-22T10:48:38","slug":"vroeger-postrelais-charente","status":"publish","type":"post","link":"https:\/\/www.belvilla.nl\/blog\/vroeger-postrelais-charente\/","title":{"rendered":"Vroeger postrelais in de Charente"},"content":{"rendered":"<br \/>\n<h3>Gastblog Wim De Mont<\/h3>\n<div id=\"attachment_4222\" style=\"width: 310px\" class=\"wp-caption alignright\"><img loading=\"lazy\" decoding=\"async\" src=\"https:\/\/www.belvilla.nl\/blog\/wp-content\/uploads\/sites\/6\/2014\/09\/Wijngaarden-en-bossen-Chare.jpg\" alt=\"Cognac-proeven-Charente_Belvilla vakantiehuizen\" width=\"892\" height=\"595\" class=\"aligncenter size-medium wp-image-9251\" \/><\/p>\n<p id=\"caption-attachment-4222\" class=\"wp-caption-text\">Wijngaarden en bossen omringen het postrelais Saint Preuil in de Charente<\/p>\n<\/div>\n<p>Journalist Wim De Mont verbleef voor het reismagazine Grande met zijn gezin in vakantiewoning La Malle Poste in de Charente, een streek nabij de Atlantische kust in het zuiden van <a href=\"https:\/\/www.belvilla.nl\/blog\/stedentrip-zuid-frankrijk\/\">Frankrijk<\/a>. Op ons verzoek schrijft hij over zijn ervaringen in en rond het <a href=\"https:\/\/www.belvilla.nl\/blog\/vakantiehuis-met-privezwembad\/\">vakantiehuis<\/a>.<span id=\"more-4212\"><\/span><\/p>\n<p>&#8220;De Charente is een van de dunst bevolkte streken van Frankrijk. Net daarom pikte Grande\u00a0er deze streek uit voor een reportage over een rustige familievakantie.\u00a0We verbleven in de zomer in\u00a0<a title=\"Appartement La Malle Poste in Saint-Preuil huren bij Belvilla\" href=\"https:\/\/www.belvilla.nl\/fr\/100023913\/?utm_medium=social-p\" target=\"_blank\" rel=\"noopener\">La Malle Poste<\/a>, een vakantiewoning in <a title=\"Vakantiepark Frankrijk Saint Preuil Le Domaine de Saint Preuil | Belvilla vakantiehuizen\" href=\"https:\/\/www.belvilla.nl\/vakantieparken\/frankrijk\/FR-16130-001.html?utm_medium=social-p&amp;utm_source=blog-nl&amp;utm_campaign=2014-09-30\" target=\"_blank\" rel=\"noopener\">Le\u00a0Domaine de Saint-Preuil<\/a>, mooi gelegen tussen de wijngaarden. De foto\u2019s zien er veelbelovend uit en beantwoorden helemaal aan de werkelijkheid. Ter plekke wacht gastvrouw Christine ons op. Tijdens de rondleiding vertelt ze het <a href=\"https:\/\/www.belvilla.nl\/blog\/het-verhaal-van-het-duurzame-vakantiehuis-in-heiloo\/\">verhaal<\/a> van dit gebouwencomplex. Hier hielden in de zeventiende en achttiende eeuw post- en reiskoetsen halt. In de negentiende eeuw maakte de afspanning plaats voor een wijndomein en in 1982 liep het verhaal ten einde. Tot, na 17 jaar leegstand, in 1999 de renovatiewerken startten. In 2003 kochten Jean-Luc en Christine het domein en zij openden er in 2005 gastenkamers, later uitgebreid met enkele vakantiewoningen. \u2018Wij gaven het relais zijn oorspronkelijke bestemming terug,\u2019 lacht Christine. <a title=\"Appartement La Malle Poste in Saint Preuil huren bij Belvilla\" href=\"https:\/\/www.belvilla.nl\/fr\/100023913\/?utm_medium=social-p\" target=\"_blank\" rel=\"noopener\">La Malle Poste<\/a>, waar wij verblijven, is het oudste deel van het complex en werd omgetoverd tot een comfortabele vakantiewoning, met goed uitgeruste keuken \u2013 al waren de vorige bewoners er blijkbaar met de schaar vandoor \u2013, eetkamer, aparte\u00a0woonkamer (met televisie, cd en dvd), drie ruime slaapkamers en twee badkamers. En gratis wifi. We hebben zelfs een eigen stukje tuin, naast de gemene delen van het domein met tuin, zwembad, pingpongtafel en sauna- en fitnessruimte. En als Christine later op de dag langskomt met enkele lokale drankjes, kan het begin van ons verblijf al helemaal niet meer stuk.<\/p>\n<div id=\"attachment_4220\" style=\"width: 902px\" class=\"wp-caption aligncenter\"><a href=\"https:\/\/www.belvilla.nl\/vakantieparken\/frankrijk\/FR-16130-001.html?utm_medium=social-p&amp;utm_source=blog-nl&amp;utm_campaign=2014-09-30\"><img loading=\"lazy\" decoding=\"async\" src=\"https:\/\/www.belvilla.nl\/blog\/wp-content\/uploads\/sites\/6\/2014\/09\/Poort-domein-Relais-Saint-P.jpg\" alt=\"Cognac-proeven-Charente_Belvilla vakantiehuizen\" width=\"892\" height=\"595\" class=\"aligncenter size-medium wp-image-9252\" \/><\/a><\/p>\n<p id=\"caption-attachment-4220\" class=\"wp-caption-text\">De entreepoort van Domaine de Saint Preuil<\/p>\n<\/div>\n<div id=\"attachment_4228\" style=\"width: 902px\" class=\"wp-caption aligncenter\"><a href=\"https:\/\/www.belvilla.nl\/vakantieparken\/frankrijk\/FR-16130-001.html?utm_medium=social-p&amp;utm_source=blog-nl&amp;utm_campaign=2014-09-30\"><img loading=\"lazy\" decoding=\"async\" src=\"https:\/\/www.belvilla.nl\/blog\/wp-content\/uploads\/sites\/6\/2014\/09\/Vakantiedomein-in-de-Charen1.jpg\" alt=\"Cognac-proeven-Charente_Belvilla vakantiehuizen\" width=\"892\" height=\"594\" class=\"aligncenter size-medium wp-image-9253\" \/><\/a><\/p>\n<p id=\"caption-attachment-4228\" class=\"wp-caption-text\">Vanuit de lucht zie je prachtig de indeling van dit oude postrelais<\/p>\n<\/div>\n<div id=\"attachment_4219\" style=\"width: 442px\" class=\"wp-caption aligncenter\"><a href=\"https:\/\/www.belvilla.nl\/vakantieparken\/frankrijk\/FR-16130-001.html?utm_medium=social-p&amp;utm_source=blog-nl&amp;utm_campaign=2014-09-30\"><img loading=\"lazy\" decoding=\"async\" src=\"https:\/\/www.belvilla.nl\/blog\/wp-content\/uploads\/sites\/6\/2014\/09\/Ontspannen-bij-het-zwembad.jpg\" alt=\"Cognac-proeven-Charente_Belvilla vakantiehuizen\" width=\"432\" height=\"432\" class=\"aligncenter size-medium wp-image-9254\" srcset=\"https:\/\/www.belvilla.nl\/blog\/wp-content\/uploads\/sites\/6\/2014\/09\/Ontspannen-bij-het-zwembad.jpg 432w, https:\/\/www.belvilla.nl\/blog\/wp-content\/uploads\/sites\/6\/2014\/09\/Ontspannen-bij-het-zwembad-150x150.jpg 150w\" sizes=\"auto, (max-width: 432px) 100vw, 432px\" \/><\/a><\/p>\n<p id=\"caption-attachment-4219\" class=\"wp-caption-text\">Het is heerlijk vertoeven bij het zwembad op dit domein<\/p>\n<\/div>\n<h4>Dolmens en dino\u2019s<\/h4>\n<p>Saint-Preuil ligt in de driehoek tussen Angoul\u00e8me, Cognac en Barbezieux-St-Hilaire. Een prima uitvalsbasis dus om die drie plaatsen te bezoeken, maar ook de dolmen van St-Fort-sur-le-N\u00e9, het Petite Maison du Lin in Ligni\u00e8res of de ori\u00ebntatietafel vlakbij Chez Allard. Om nog te zwijgen van de Piramide van Cond\u00e9, de abdij van Bassac, het Romeins theater nabij Saint-Cybardeaux en het dinokerkhof in Angeac-Charente. Het grootste in Europa, waarschijnlijk. In juli kun je hier terecht voor een bezoek aan de opgravingen, de rest van het jaar is dit een klein gratis openluchtmuseum.<\/p>\n<h4>Cognac en stripverhalen<\/h4>\n<p>Grote cognachuizen vind je in Cognac of in het nabijgelegen Jarnac.\u00a0Wij gingen echter op bezoek bij een kleine distilleerderij. In Segonzac hadden we een afspraak met Francine Forgeron, die samen met haar man Michel in 1965 begon met het distilleren van wijn. Francine licht het productieproces toe en laat ons proeven van enkele distillaten. Ze kruipt gezwind op ladders om in de eiken vaten schepjes cognac-in-wording te halen. En ter afronding krijgen we enkele afgewerkte producten voorgeschoteld.<br \/> En Angoul\u00eame? Dat is d\u00e9 stripstad, waar de stripmuren en het stripmuseum alleen al een bezoek rechtvaardigen.&#8221;<\/p>\n<div id=\"attachment_4216\" style=\"width: 442px\" class=\"wp-caption aligncenter\"><a href=\"https:\/\/www.belvilla.nl\/blog\/wp-content\/uploads\/2014\/09\/Cognac-proeven-Charente.jpg\" data-rel=\"lightbox-image-0\" data-rl_title=\"\" data-rl_caption=\"\" title=\"\"><img loading=\"lazy\" decoding=\"async\" src=\"https:\/\/www.belvilla.nl\/blog\/wp-content\/uploads\/sites\/6\/2014\/09\/Cognac-proeven-Charente.jpg\" alt=\"Cognac-proeven-Charente_Belvilla vakantiehuizen\" width=\"432\" height=\"432\" class=\"aligncenter size-medium wp-image-9255\" srcset=\"https:\/\/www.belvilla.nl\/blog\/wp-content\/uploads\/sites\/6\/2014\/09\/Cognac-proeven-Charente.jpg 432w, https:\/\/www.belvilla.nl\/blog\/wp-content\/uploads\/sites\/6\/2014\/09\/Cognac-proeven-Charente-150x150.jpg 150w\" sizes=\"auto, (max-width: 432px) 100vw, 432px\" \/><\/a><\/p>\n<p id=\"caption-attachment-4216\" class=\"wp-caption-text\">Cognac proeven in een kleine distilleerderij<\/p>\n<\/div>\n<h4>Vakantie aan de Atlantische kust<\/h4>\n<p>Wil je ook een\u00a0<a href=\"https:\/\/www.belvilla.nl\/blog\/goedkope-vakantie\/\">vakantie<\/a> vieren\u00a0in dit voormalige postrelais? Belvilla biedt hier drie vakantiewoningen aan, vari\u00ebrend in grootte van vier tot zes personen. In <a title=\"Appartement La Malle Poste in Saint Preuil huren bij Belvilla\" href=\"https:\/\/www.belvilla.nl\/fr\/100023913\/?utm_medium=social-p\" target=\"_blank\" rel=\"noopener\">La Malle Poste<\/a>, de woning waar Wim met zijn gezin verbleef, kun je met vijf personen logeren. De <a title=\"Appartement Le Coche in Saint Preuil huren bij Belvilla\" href=\"https:\/\/www.belvilla.nl\/fr\/100023917\/?utm_medium=social-p\" target=\"_blank\" rel=\"noopener\">vakantiewoning Le Coche<\/a> (&#8216;de koets&#8217;) biedt plaats aan zes personen en in <a title=\"Appartement Le Pha\u00e9ton in Saint Preuil huren bij Belvilla\" href=\"https:\/\/www.belvilla.nl\/fr\/100023909\/?utm_medium=social-p\" target=\"_blank\" rel=\"noopener\">Le Pha\u00e9ton<\/a> verblijf je met vier. En natuurlijk biedt Belvilla nog veel meer <a title=\"Vakantiehuis aan de Adriatische kust | Belvilla vakantiehuizen\" href=\"https:\/\/www.belvilla.nl\/search\/?filters%5Bcountry_id%5D=143&amp;searchType=COUNTRY\" target=\"_blank\" rel=\"noopener\">vakantiehuizen aan de Atlantische kust<\/a>.<\/p>\n","protected":false},"excerpt":{"rendered":"<p>Gastblog Wim De Mont Wijngaarden en bossen omringen het postrelais Saint Preuil in de Charente Journalist Wim De Mont verbleef&hellip;<\/p>\n","protected":false},"author":1,"featured_media":9257,"comment_status":"open","ping_status":"open","sticky":false,"template":"","format":"standard","meta":{"footnotes":""},"categories":[95,108,132,93,133,137,131,125,145],"tags":[],"location":[],"class_list":["post-9256","post","type-post","status-publish","format-standard","has-post-thumbnail","hentry","category-algemeen","category-frankrijk","category-gastblog","category-inspiratie","category-met-een-groep","category-vakantiehuis-met-verhaal","category-vakantiehuizen","category-vakantieparken","category-vergaderlocaties"],"acf":[],"yoast_head":"<!-- This site is optimized with the Yoast SEO plugin v27.5 - https:\/\/yoast.com\/product\/yoast-seo-wordpress\/ -->\n<title>Vroeger postrelais in de Charente | Belvilla Blog<\/title>\n<meta name=\"description\" content=\"Journalist Wim De Mont verbleef met zijn gezin voor reismagazine Grande in een vroeger postrelais in de Charente, Zuid-Frankrijk, een bekende cognac-regio.\" \/>\n<meta name=\"robots\" content=\"index, follow, max-snippet:-1, max-image-preview:large, max-video-preview:-1\" \/>\n<link rel=\"canonical\" href=\"https:\/\/www.belvilla.nl\/blog\/vroeger-postrelais-charente\/\" \/>\n<meta property=\"og:locale\" content=\"nl_NL\" \/>\n<meta property=\"og:type\" content=\"article\" \/>\n<meta property=\"og:title\" content=\"Vroeger postrelais in de Charente | Belvilla Blog\" \/>\n<meta property=\"og:description\" content=\"Journalist Wim De Mont verbleef met zijn gezin voor reismagazine Grande in een vroeger postrelais in de Charente, Zuid-Frankrijk, een bekende cognac-regio.\" \/>\n<meta property=\"og:url\" content=\"https:\/\/www.belvilla.nl\/blog\/vroeger-postrelais-charente\/\" \/>\n<meta property=\"og:site_name\" content=\"Belvilla Blog NL\" \/>\n<meta property=\"article:published_time\" content=\"2022-12-13T15:53:05+00:00\" \/>\n<meta property=\"article:modified_time\" content=\"2023-10-22T10:48:38+00:00\" \/>\n<meta property=\"og:image\" content=\"https:\/\/www.belvilla.nl\/blog\/wp-content\/uploads\/sites\/6\/2014\/09\/Wijngaarden-en-bossen-Chare-1.jpg\" \/>\n\t<meta property=\"og:image:width\" content=\"892\" \/>\n\t<meta property=\"og:image:height\" content=\"595\" \/>\n\t<meta property=\"og:image:type\" content=\"image\/jpeg\" \/>\n<meta name=\"author\" content=\"Viktar\" \/>\n<meta name=\"twitter:card\" content=\"summary_large_image\" \/>\n<meta name=\"twitter:label1\" content=\"Geschreven door\" \/>\n\t<meta name=\"twitter:data1\" content=\"Viktar\" \/>\n\t<meta name=\"twitter:label2\" content=\"Geschatte leestijd\" \/>\n\t<meta name=\"twitter:data2\" content=\"3 minuten\" \/>\n<script type=\"application\/ld+json\" class=\"yoast-schema-graph\">{\"@context\":\"https:\\\/\\\/schema.org\",\"@graph\":[{\"@type\":\"Article\",\"@id\":\"https:\\\/\\\/www.belvilla.nl\\\/blog\\\/vroeger-postrelais-charente\\\/#article\",\"isPartOf\":{\"@id\":\"https:\\\/\\\/www.belvilla.nl\\\/blog\\\/vroeger-postrelais-charente\\\/\"},\"author\":{\"name\":\"Viktar\",\"@id\":\"https:\\\/\\\/www.belvilla.nl\\\/blog\\\/#\\\/schema\\\/person\\\/7a68da0f1f5100cf652f73311fea426f\"},\"headline\":\"Vroeger postrelais in de Charente\",\"datePublished\":\"2022-12-13T15:53:05+00:00\",\"dateModified\":\"2023-10-22T10:48:38+00:00\",\"mainEntityOfPage\":{\"@id\":\"https:\\\/\\\/www.belvilla.nl\\\/blog\\\/vroeger-postrelais-charente\\\/\"},\"wordCount\":614,\"commentCount\":0,\"image\":{\"@id\":\"https:\\\/\\\/www.belvilla.nl\\\/blog\\\/vroeger-postrelais-charente\\\/#primaryimage\"},\"thumbnailUrl\":\"https:\\\/\\\/www.belvilla.nl\\\/blog\\\/wp-content\\\/uploads\\\/sites\\\/6\\\/2014\\\/09\\\/Wijngaarden-en-bossen-Chare-1.jpg\",\"articleSection\":[\"Algemeen\",\"Frankrijk\",\"Gastblog\",\"Inspiratie\",\"Met een groep\",\"Vakantiehuis met verhaal\",\"Vakantiehuizen\",\"Vakantieparken\",\"Vergaderlocaties\"],\"inLanguage\":\"nl-NL\",\"potentialAction\":[{\"@type\":\"CommentAction\",\"name\":\"Comment\",\"target\":[\"https:\\\/\\\/www.belvilla.nl\\\/blog\\\/vroeger-postrelais-charente\\\/#respond\"]}]},{\"@type\":\"WebPage\",\"@id\":\"https:\\\/\\\/www.belvilla.nl\\\/blog\\\/vroeger-postrelais-charente\\\/\",\"url\":\"https:\\\/\\\/www.belvilla.nl\\\/blog\\\/vroeger-postrelais-charente\\\/\",\"name\":\"Vroeger postrelais in de Charente | Belvilla Blog\",\"isPartOf\":{\"@id\":\"https:\\\/\\\/www.belvilla.nl\\\/blog\\\/#website\"},\"primaryImageOfPage\":{\"@id\":\"https:\\\/\\\/www.belvilla.nl\\\/blog\\\/vroeger-postrelais-charente\\\/#primaryimage\"},\"image\":{\"@id\":\"https:\\\/\\\/www.belvilla.nl\\\/blog\\\/vroeger-postrelais-charente\\\/#primaryimage\"},\"thumbnailUrl\":\"https:\\\/\\\/www.belvilla.nl\\\/blog\\\/wp-content\\\/uploads\\\/sites\\\/6\\\/2014\\\/09\\\/Wijngaarden-en-bossen-Chare-1.jpg\",\"datePublished\":\"2022-12-13T15:53:05+00:00\",\"dateModified\":\"2023-10-22T10:48:38+00:00\",\"author\":{\"@id\":\"https:\\\/\\\/www.belvilla.nl\\\/blog\\\/#\\\/schema\\\/person\\\/7a68da0f1f5100cf652f73311fea426f\"},\"description\":\"Journalist Wim De Mont verbleef met zijn gezin voor reismagazine Grande in een vroeger postrelais in de Charente, Zuid-Frankrijk, een bekende cognac-regio.\",\"breadcrumb\":{\"@id\":\"https:\\\/\\\/www.belvilla.nl\\\/blog\\\/vroeger-postrelais-charente\\\/#breadcrumb\"},\"inLanguage\":\"nl-NL\",\"potentialAction\":[{\"@type\":\"ReadAction\",\"target\":[\"https:\\\/\\\/www.belvilla.nl\\\/blog\\\/vroeger-postrelais-charente\\\/\"]}]},{\"@type\":\"ImageObject\",\"inLanguage\":\"nl-NL\",\"@id\":\"https:\\\/\\\/www.belvilla.nl\\\/blog\\\/vroeger-postrelais-charente\\\/#primaryimage\",\"url\":\"https:\\\/\\\/www.belvilla.nl\\\/blog\\\/wp-content\\\/uploads\\\/sites\\\/6\\\/2014\\\/09\\\/Wijngaarden-en-bossen-Chare-1.jpg\",\"contentUrl\":\"https:\\\/\\\/www.belvilla.nl\\\/blog\\\/wp-content\\\/uploads\\\/sites\\\/6\\\/2014\\\/09\\\/Wijngaarden-en-bossen-Chare-1.jpg\",\"width\":892,\"height\":595},{\"@type\":\"BreadcrumbList\",\"@id\":\"https:\\\/\\\/www.belvilla.nl\\\/blog\\\/vroeger-postrelais-charente\\\/#breadcrumb\",\"itemListElement\":[{\"@type\":\"ListItem\",\"position\":1,\"name\":\"Home\",\"item\":\"https:\\\/\\\/www.belvilla.nl\\\/blog\\\/\"},{\"@type\":\"ListItem\",\"position\":2,\"name\":\"Vroeger postrelais in de Charente\"}]},{\"@type\":\"WebSite\",\"@id\":\"https:\\\/\\\/www.belvilla.nl\\\/blog\\\/#website\",\"url\":\"https:\\\/\\\/www.belvilla.nl\\\/blog\\\/\",\"name\":\"Belvilla Blog NL\",\"description\":\"\",\"potentialAction\":[{\"@type\":\"SearchAction\",\"target\":{\"@type\":\"EntryPoint\",\"urlTemplate\":\"https:\\\/\\\/www.belvilla.nl\\\/blog\\\/?s={search_term_string}\"},\"query-input\":{\"@type\":\"PropertyValueSpecification\",\"valueRequired\":true,\"valueName\":\"search_term_string\"}}],\"inLanguage\":\"nl-NL\"},{\"@type\":\"Person\",\"@id\":\"https:\\\/\\\/www.belvilla.nl\\\/blog\\\/#\\\/schema\\\/person\\\/7a68da0f1f5100cf652f73311fea426f\",\"name\":\"Viktar\",\"image\":{\"@type\":\"ImageObject\",\"inLanguage\":\"nl-NL\",\"@id\":\"https:\\\/\\\/secure.gravatar.com\\\/avatar\\\/2769e1632bd460b1d7344ee3c118c77f263dd790438ee92c44c552e0e33630c0?s=96&d=mm&r=g\",\"url\":\"https:\\\/\\\/secure.gravatar.com\\\/avatar\\\/2769e1632bd460b1d7344ee3c118c77f263dd790438ee92c44c552e0e33630c0?s=96&d=mm&r=g\",\"contentUrl\":\"https:\\\/\\\/secure.gravatar.com\\\/avatar\\\/2769e1632bd460b1d7344ee3c118c77f263dd790438ee92c44c552e0e33630c0?s=96&d=mm&r=g\",\"caption\":\"Viktar\"},\"sameAs\":[\"https:\\\/\\\/oyomon.in\"]}]}<\/script>\n<!-- \/ Yoast SEO plugin. -->","yoast_head_json":{"title":"Vroeger postrelais in de Charente | Belvilla Blog","description":"Journalist Wim De Mont verbleef met zijn gezin voor reismagazine Grande in een vroeger postrelais in de Charente, Zuid-Frankrijk, een bekende cognac-regio.","robots":{"index":"index","follow":"follow","max-snippet":"max-snippet:-1","max-image-preview":"max-image-preview:large","max-video-preview":"max-video-preview:-1"},"canonical":"https:\/\/www.belvilla.nl\/blog\/vroeger-postrelais-charente\/","og_locale":"nl_NL","og_type":"article","og_title":"Vroeger postrelais in de Charente | Belvilla Blog","og_description":"Journalist Wim De Mont verbleef met zijn gezin voor reismagazine Grande in een vroeger postrelais in de Charente, Zuid-Frankrijk, een bekende cognac-regio.","og_url":"https:\/\/www.belvilla.nl\/blog\/vroeger-postrelais-charente\/","og_site_name":"Belvilla Blog NL","article_published_time":"2022-12-13T15:53:05+00:00","article_modified_time":"2023-10-22T10:48:38+00:00","og_image":[{"width":892,"height":595,"url":"https:\/\/www.belvilla.nl\/blog\/wp-content\/uploads\/sites\/6\/2014\/09\/Wijngaarden-en-bossen-Chare-1.jpg","type":"image\/jpeg"}],"author":"Viktar","twitter_card":"summary_large_image","twitter_misc":{"Geschreven door":"Viktar","Geschatte leestijd":"3 minuten"},"schema":{"@context":"https:\/\/schema.org","@graph":[{"@type":"Article","@id":"https:\/\/www.belvilla.nl\/blog\/vroeger-postrelais-charente\/#article","isPartOf":{"@id":"https:\/\/www.belvilla.nl\/blog\/vroeger-postrelais-charente\/"},"author":{"name":"Viktar","@id":"https:\/\/www.belvilla.nl\/blog\/#\/schema\/person\/7a68da0f1f5100cf652f73311fea426f"},"headline":"Vroeger postrelais in de Charente","datePublished":"2022-12-13T15:53:05+00:00","dateModified":"2023-10-22T10:48:38+00:00","mainEntityOfPage":{"@id":"https:\/\/www.belvilla.nl\/blog\/vroeger-postrelais-charente\/"},"wordCount":614,"commentCount":0,"image":{"@id":"https:\/\/www.belvilla.nl\/blog\/vroeger-postrelais-charente\/#primaryimage"},"thumbnailUrl":"https:\/\/www.belvilla.nl\/blog\/wp-content\/uploads\/sites\/6\/2014\/09\/Wijngaarden-en-bossen-Chare-1.jpg","articleSection":["Algemeen","Frankrijk","Gastblog","Inspiratie","Met een groep","Vakantiehuis met verhaal","Vakantiehuizen","Vakantieparken","Vergaderlocaties"],"inLanguage":"nl-NL","potentialAction":[{"@type":"CommentAction","name":"Comment","target":["https:\/\/www.belvilla.nl\/blog\/vroeger-postrelais-charente\/#respond"]}]},{"@type":"WebPage","@id":"https:\/\/www.belvilla.nl\/blog\/vroeger-postrelais-charente\/","url":"https:\/\/www.belvilla.nl\/blog\/vroeger-postrelais-charente\/","name":"Vroeger postrelais in de Charente | Belvilla Blog","isPartOf":{"@id":"https:\/\/www.belvilla.nl\/blog\/#website"},"primaryImageOfPage":{"@id":"https:\/\/www.belvilla.nl\/blog\/vroeger-postrelais-charente\/#primaryimage"},"image":{"@id":"https:\/\/www.belvilla.nl\/blog\/vroeger-postrelais-charente\/#primaryimage"},"thumbnailUrl":"https:\/\/www.belvilla.nl\/blog\/wp-content\/uploads\/sites\/6\/2014\/09\/Wijngaarden-en-bossen-Chare-1.jpg","datePublished":"2022-12-13T15:53:05+00:00","dateModified":"2023-10-22T10:48:38+00:00","author":{"@id":"https:\/\/www.belvilla.nl\/blog\/#\/schema\/person\/7a68da0f1f5100cf652f73311fea426f"},"description":"Journalist Wim De Mont verbleef met zijn gezin voor reismagazine Grande in een vroeger postrelais in de Charente, Zuid-Frankrijk, een bekende cognac-regio.","breadcrumb":{"@id":"https:\/\/www.belvilla.nl\/blog\/vroeger-postrelais-charente\/#breadcrumb"},"inLanguage":"nl-NL","potentialAction":[{"@type":"ReadAction","target":["https:\/\/www.belvilla.nl\/blog\/vroeger-postrelais-charente\/"]}]},{"@type":"ImageObject","inLanguage":"nl-NL","@id":"https:\/\/www.belvilla.nl\/blog\/vroeger-postrelais-charente\/#primaryimage","url":"https:\/\/www.belvilla.nl\/blog\/wp-content\/uploads\/sites\/6\/2014\/09\/Wijngaarden-en-bossen-Chare-1.jpg","contentUrl":"https:\/\/www.belvilla.nl\/blog\/wp-content\/uploads\/sites\/6\/2014\/09\/Wijngaarden-en-bossen-Chare-1.jpg","width":892,"height":595},{"@type":"BreadcrumbList","@id":"https:\/\/www.belvilla.nl\/blog\/vroeger-postrelais-charente\/#breadcrumb","itemListElement":[{"@type":"ListItem","position":1,"name":"Home","item":"https:\/\/www.belvilla.nl\/blog\/"},{"@type":"ListItem","position":2,"name":"Vroeger postrelais in de Charente"}]},{"@type":"WebSite","@id":"https:\/\/www.belvilla.nl\/blog\/#website","url":"https:\/\/www.belvilla.nl\/blog\/","name":"Belvilla Blog NL","description":"","potentialAction":[{"@type":"SearchAction","target":{"@type":"EntryPoint","urlTemplate":"https:\/\/www.belvilla.nl\/blog\/?s={search_term_string}"},"query-input":{"@type":"PropertyValueSpecification","valueRequired":true,"valueName":"search_term_string"}}],"inLanguage":"nl-NL"},{"@type":"Person","@id":"https:\/\/www.belvilla.nl\/blog\/#\/schema\/person\/7a68da0f1f5100cf652f73311fea426f","name":"Viktar","image":{"@type":"ImageObject","inLanguage":"nl-NL","@id":"https:\/\/secure.gravatar.com\/avatar\/2769e1632bd460b1d7344ee3c118c77f263dd790438ee92c44c552e0e33630c0?s=96&d=mm&r=g","url":"https:\/\/secure.gravatar.com\/avatar\/2769e1632bd460b1d7344ee3c118c77f263dd790438ee92c44c552e0e33630c0?s=96&d=mm&r=g","contentUrl":"https:\/\/secure.gravatar.com\/avatar\/2769e1632bd460b1d7344ee3c118c77f263dd790438ee92c44c552e0e33630c0?s=96&d=mm&r=g","caption":"Viktar"},"sameAs":["https:\/\/oyomon.in"]}]}},"_links":{"self":[{"href":"https:\/\/www.belvilla.nl\/blog\/wp-json\/wp\/v2\/posts\/9256","targetHints":{"allow":["GET"]}}],"collection":[{"href":"https:\/\/www.belvilla.nl\/blog\/wp-json\/wp\/v2\/posts"}],"about":[{"href":"https:\/\/www.belvilla.nl\/blog\/wp-json\/wp\/v2\/types\/post"}],"author":[{"embeddable":true,"href":"https:\/\/www.belvilla.nl\/blog\/wp-json\/wp\/v2\/users\/1"}],"replies":[{"embeddable":true,"href":"https:\/\/www.belvilla.nl\/blog\/wp-json\/wp\/v2\/comments?post=9256"}],"version-history":[{"count":2,"href":"https:\/\/www.belvilla.nl\/blog\/wp-json\/wp\/v2\/posts\/9256\/revisions"}],"predecessor-version":[{"id":13066,"href":"https:\/\/www.belvilla.nl\/blog\/wp-json\/wp\/v2\/posts\/9256\/revisions\/13066"}],"wp:featuredmedia":[{"embeddable":true,"href":"https:\/\/www.belvilla.nl\/blog\/wp-json\/wp\/v2\/media\/9257"}],"wp:attachment":[{"href":"https:\/\/www.belvilla.nl\/blog\/wp-json\/wp\/v2\/media?parent=9256"}],"wp:term":[{"taxonomy":"category","embeddable":true,"href":"https:\/\/www.belvilla.nl\/blog\/wp-json\/wp\/v2\/categories?post=9256"},{"taxonomy":"post_tag","embeddable":true,"href":"https:\/\/www.belvilla.nl\/blog\/wp-json\/wp\/v2\/tags?post=9256"},{"taxonomy":"location","embeddable":true,"href":"https:\/\/www.belvilla.nl\/blog\/wp-json\/wp\/v2\/location?post=9256"}],"curies":[{"name":"wp","href":"https:\/\/api.w.org\/{rel}","templated":true}]}}