{"id":8720,"date":"2014-11-04T00:00:00","date_gmt":"2022-12-13T15:53:03","guid":{"rendered":"https:\/\/www.belvilla.nl\/blog\/?p=8720"},"modified":"2023-10-22T10:32:34","modified_gmt":"2023-10-22T10:32:34","slug":"proost-op-de-moezel","status":"publish","type":"post","link":"https:\/\/www.belvilla.nl\/blog\/proost-op-de-moezel\/","title":{"rendered":"Proost op de Moezel"},"content":{"rendered":"<br \/>\n<h3>Blik bij Belvilla<\/h3>\n<div id=\"attachment_4380\" style=\"width: 310px\" class=\"wp-caption alignright\"><img loading=\"lazy\" decoding=\"async\" src=\"https:\/\/www.belvilla.nl\/blog\/wp-content\/uploads\/sites\/6\/2014\/11\/Proost-Belvilla-Moezel.jpg\" alt=\"Bar-Zum-Weissen-R\u00f6ssel_Moezel_Belvilla vakantiehuizen\" width=\"892\" height=\"593\" class=\"aligncenter size-medium wp-image-8717\" \/><\/p>\n<p id=\"caption-attachment-4380\" class=\"wp-caption-text\">Wij proosten op de Moezel!<\/p>\n<\/div>\n<p>Vandaag hadden onze collega&#8217;s Anouk en Anne een afspraak op kantoor met meneer en mevrouw Verkerk, de eigenaars van een gezellige <a title=\"Vakantiehuis Zum Weissen R\u00f6ssel in \u00dcrzig huren bij Belvilla\" href=\"https:\/\/www.belvilla.nl\/de\/100040012\/?utm_medium=social-p\" target=\"_blank\" rel=\"noopener\">groepswoning in de Moezel<\/a>. Uit ervaring weten we dat er tijdens zo\u2019n gesprek soms verrassende vragen gesteld worden door vakantiehuiseigenaren. Deze hadden we nog nooit gehad: \u201cWanneer is er weer een feestje bij jullie?\u201d.\u00a0Direct daarna werden we verrast met\u00a0achttien (!) flessen Moezelwijn.\u00a0Kortom, reden voor een spontaan feestje op de afdeling. Bedankt meneer en mevrouw Verkerk! Proost op onze prettige samenwerking en een succesvolle toekomst!<span id=\"more-4374\"><\/span><\/p>\n<h4>Ook proeven van de Moezel?<\/h4>\n<p>Wil je zelf ook letterlijk en figuurlijk proeven van de Moezel?\u00a0Dat kan\u00a0natuurlijk! In het <a title=\"Vakantiehuis Zum Weissen R\u00f6ssel in \u00dcrzig huren bij Belvilla\" href=\"https:\/\/www.belvilla.nl\/de\/100040012\/?utm_medium=social-p\" target=\"_blank\" rel=\"noopener\">groepshuis Zum Weissen R\u00f6ssel<\/a> kun je met een groep tot achttien personen verblijven. Het gebouw uit 1830 was vroeger een hotel en ligt in het historische centrum van het schilderachtige dorpje \u00dcrzig aan de Moezel. Erg fijn is dat iedere slaapkamer een eigen badkamer heeft. En in het <a href=\"https:\/\/www.belvilla.nl\/blog\/vakantiehuis-met-privezwembad\/\">vakantiehuis<\/a> is ook een bar: &#8220;Geweldig om de dag af te sluiten&#8221;, aldus een opmerking in het gastenboek. Op verzoek kan de eigenaresse bovendien een wijnproeverij voor je regelen.<\/p>\n<div id=\"attachment_4378\" style=\"width: 370px\" class=\"wp-caption aligncenter\"><a href=\"https:\/\/www.belvilla.nl\/de\/100040012\/?utm_medium=social-p\"><img loading=\"lazy\" decoding=\"async\" src=\"https:\/\/www.belvilla.nl\/blog\/wp-content\/uploads\/sites\/6\/2014\/11\/Zum-Weissen-Rossel.jpg\" alt=\"Bar-Zum-Weissen-R\u00f6ssel_Moezel_Belvilla vakantiehuizen\" width=\"360\" height=\"480\" class=\"aligncenter size-medium wp-image-8718\" \/><\/a><\/p>\n<p id=\"caption-attachment-4378\" class=\"wp-caption-text\">Het groepshuis bevindt zich in een vroeger hotel in het historische Moezelplaatsje \u00dcrzig<\/p>\n<\/div>\n<div id=\"attachment_4376\" style=\"width: 490px\" class=\"wp-caption aligncenter\"><a href=\"https:\/\/www.belvilla.nl\/de\/100040012\/?utm_medium=social-p\"><img loading=\"lazy\" decoding=\"async\" src=\"https:\/\/www.belvilla.nl\/blog\/wp-content\/uploads\/sites\/6\/2014\/11\/Bar-Zum-Weissel-Rossel.jpg\" alt=\"Bar-Zum-Weissen-R\u00f6ssel_Moezel_Belvilla vakantiehuizen\" width=\"480\" height=\"360\" class=\"aligncenter size-medium wp-image-8719\" \/><\/a><\/p>\n<p id=\"caption-attachment-4376\" class=\"wp-caption-text\">De bar in het groepshuis Zum Weissen R\u00f6ssel wordt geroemd in het gastenboek<\/p>\n<\/div>\n<p>Deze woning\u00a0en andere <a title=\"Vakantiehuis in de Moezel, Duitsland | Belvilla vakantiehuizen\" href=\"https:\/\/www.belvilla.nl\/vakantiehuis-moezel-duitsland\/?utm_medium=social-p&amp;utm_source=blog-nl&amp;utm_campaign=2014-11-04\" target=\"_blank\" rel=\"noopener\">vakantiehuizen in de Moezel<\/a>\u00a0vind je bij Belvilla.<\/p>\n","protected":false},"excerpt":{"rendered":"<p>Blik bij Belvilla Wij proosten op de Moezel! Vandaag hadden onze collega&#8217;s Anouk en Anne een afspraak op kantoor met&hellip;<\/p>\n","protected":false},"author":1,"featured_media":8721,"comment_status":"open","ping_status":"open","sticky":false,"template":"","format":"standard","meta":{"footnotes":""},"categories":[95,106,107,124,108,132,112,93,114,122,133,109,99,104,134,126,137,135,141],"tags":[],"location":[],"class_list":["post-8720","post","type-post","status-publish","format-standard","has-post-thumbnail","hentry","category-algemeen","category-belgie","category-duitsland","category-evenementen","category-frankrijk","category-gastblog","category-griekenland","category-inspiratie","category-italie","category-last-minute-inspiratie","category-met-een-groep","category-nederland","category-oostenrijk","category-tips","category-trends","category-tsjechie","category-vakantiehuis-met-verhaal","category-wintersport","category-zweden"],"acf":[],"yoast_head":"<!-- This site is optimized with the Yoast SEO plugin v27.5 - https:\/\/yoast.com\/product\/yoast-seo-wordpress\/ -->\n<title>Proost op de Moezel | Belvilla Blog<\/title>\n<meta name=\"description\" content=\"Verrassende vragen van vakantiehuiseigenaren krijgen we vaker. Deze echter nog nooit: \u201cWanneer is er weer een feestje bij jullie?\u201d. Proost op de Moezel!\" \/>\n<meta name=\"robots\" content=\"index, follow, max-snippet:-1, max-image-preview:large, max-video-preview:-1\" \/>\n<link rel=\"canonical\" href=\"https:\/\/www.belvilla.nl\/blog\/proost-op-de-moezel\/\" \/>\n<meta property=\"og:locale\" content=\"nl_NL\" \/>\n<meta property=\"og:type\" content=\"article\" \/>\n<meta property=\"og:title\" content=\"Proost op de Moezel | Belvilla Blog\" \/>\n<meta property=\"og:description\" content=\"Verrassende vragen van vakantiehuiseigenaren krijgen we vaker. Deze echter nog nooit: \u201cWanneer is er weer een feestje bij jullie?\u201d. Proost op de Moezel!\" \/>\n<meta property=\"og:url\" content=\"https:\/\/www.belvilla.nl\/blog\/proost-op-de-moezel\/\" \/>\n<meta property=\"og:site_name\" content=\"Belvilla Blog NL\" \/>\n<meta property=\"article:published_time\" content=\"2022-12-13T15:53:03+00:00\" \/>\n<meta property=\"article:modified_time\" content=\"2023-10-22T10:32:34+00:00\" \/>\n<meta property=\"og:image\" content=\"https:\/\/www.belvilla.nl\/blog\/wp-content\/uploads\/sites\/6\/2014\/11\/Proost-Belvilla-Moezel-1.jpg\" \/>\n\t<meta property=\"og:image:width\" content=\"892\" \/>\n\t<meta property=\"og:image:height\" content=\"593\" \/>\n\t<meta property=\"og:image:type\" content=\"image\/jpeg\" \/>\n<meta name=\"author\" content=\"Viktar\" \/>\n<meta name=\"twitter:card\" content=\"summary_large_image\" \/>\n<meta name=\"twitter:label1\" content=\"Geschreven door\" \/>\n\t<meta name=\"twitter:data1\" content=\"Viktar\" \/>\n\t<meta name=\"twitter:label2\" content=\"Geschatte leestijd\" \/>\n\t<meta name=\"twitter:data2\" content=\"1 minuut\" \/>\n<script type=\"application\/ld+json\" class=\"yoast-schema-graph\">{\"@context\":\"https:\\\/\\\/schema.org\",\"@graph\":[{\"@type\":\"Article\",\"@id\":\"https:\\\/\\\/www.belvilla.nl\\\/blog\\\/proost-op-de-moezel\\\/#article\",\"isPartOf\":{\"@id\":\"https:\\\/\\\/www.belvilla.nl\\\/blog\\\/proost-op-de-moezel\\\/\"},\"author\":{\"name\":\"Viktar\",\"@id\":\"https:\\\/\\\/www.belvilla.nl\\\/blog\\\/#\\\/schema\\\/person\\\/7a68da0f1f5100cf652f73311fea426f\"},\"headline\":\"Proost op de Moezel\",\"datePublished\":\"2022-12-13T15:53:03+00:00\",\"dateModified\":\"2023-10-22T10:32:34+00:00\",\"mainEntityOfPage\":{\"@id\":\"https:\\\/\\\/www.belvilla.nl\\\/blog\\\/proost-op-de-moezel\\\/\"},\"wordCount\":238,\"commentCount\":0,\"image\":{\"@id\":\"https:\\\/\\\/www.belvilla.nl\\\/blog\\\/proost-op-de-moezel\\\/#primaryimage\"},\"thumbnailUrl\":\"https:\\\/\\\/www.belvilla.nl\\\/blog\\\/wp-content\\\/uploads\\\/sites\\\/6\\\/2014\\\/11\\\/Proost-Belvilla-Moezel-1.jpg\",\"articleSection\":[\"Algemeen\",\"Belgi\u00eb\",\"Duitsland\",\"Evenementen\",\"Frankrijk\",\"Gastblog\",\"Griekenland\",\"Inspiratie\",\"Itali\u00eb\",\"Last Minute\",\"Met een groep\",\"Nederland\",\"Oostenrijk\",\"Tips\",\"Trends\",\"Tsjechi\u00eb\",\"Vakantiehuis met verhaal\",\"Wintersport\",\"Zweden\"],\"inLanguage\":\"nl-NL\",\"potentialAction\":[{\"@type\":\"CommentAction\",\"name\":\"Comment\",\"target\":[\"https:\\\/\\\/www.belvilla.nl\\\/blog\\\/proost-op-de-moezel\\\/#respond\"]}]},{\"@type\":\"WebPage\",\"@id\":\"https:\\\/\\\/www.belvilla.nl\\\/blog\\\/proost-op-de-moezel\\\/\",\"url\":\"https:\\\/\\\/www.belvilla.nl\\\/blog\\\/proost-op-de-moezel\\\/\",\"name\":\"Proost op de Moezel | Belvilla Blog\",\"isPartOf\":{\"@id\":\"https:\\\/\\\/www.belvilla.nl\\\/blog\\\/#website\"},\"primaryImageOfPage\":{\"@id\":\"https:\\\/\\\/www.belvilla.nl\\\/blog\\\/proost-op-de-moezel\\\/#primaryimage\"},\"image\":{\"@id\":\"https:\\\/\\\/www.belvilla.nl\\\/blog\\\/proost-op-de-moezel\\\/#primaryimage\"},\"thumbnailUrl\":\"https:\\\/\\\/www.belvilla.nl\\\/blog\\\/wp-content\\\/uploads\\\/sites\\\/6\\\/2014\\\/11\\\/Proost-Belvilla-Moezel-1.jpg\",\"datePublished\":\"2022-12-13T15:53:03+00:00\",\"dateModified\":\"2023-10-22T10:32:34+00:00\",\"author\":{\"@id\":\"https:\\\/\\\/www.belvilla.nl\\\/blog\\\/#\\\/schema\\\/person\\\/7a68da0f1f5100cf652f73311fea426f\"},\"description\":\"Verrassende vragen van vakantiehuiseigenaren krijgen we vaker. Deze echter nog nooit: \u201cWanneer is er weer een feestje bij jullie?\u201d. Proost op de Moezel!\",\"breadcrumb\":{\"@id\":\"https:\\\/\\\/www.belvilla.nl\\\/blog\\\/proost-op-de-moezel\\\/#breadcrumb\"},\"inLanguage\":\"nl-NL\",\"potentialAction\":[{\"@type\":\"ReadAction\",\"target\":[\"https:\\\/\\\/www.belvilla.nl\\\/blog\\\/proost-op-de-moezel\\\/\"]}]},{\"@type\":\"ImageObject\",\"inLanguage\":\"nl-NL\",\"@id\":\"https:\\\/\\\/www.belvilla.nl\\\/blog\\\/proost-op-de-moezel\\\/#primaryimage\",\"url\":\"https:\\\/\\\/www.belvilla.nl\\\/blog\\\/wp-content\\\/uploads\\\/sites\\\/6\\\/2014\\\/11\\\/Proost-Belvilla-Moezel-1.jpg\",\"contentUrl\":\"https:\\\/\\\/www.belvilla.nl\\\/blog\\\/wp-content\\\/uploads\\\/sites\\\/6\\\/2014\\\/11\\\/Proost-Belvilla-Moezel-1.jpg\",\"width\":892,\"height\":593},{\"@type\":\"BreadcrumbList\",\"@id\":\"https:\\\/\\\/www.belvilla.nl\\\/blog\\\/proost-op-de-moezel\\\/#breadcrumb\",\"itemListElement\":[{\"@type\":\"ListItem\",\"position\":1,\"name\":\"Home\",\"item\":\"https:\\\/\\\/www.belvilla.nl\\\/blog\\\/\"},{\"@type\":\"ListItem\",\"position\":2,\"name\":\"Proost op de Moezel\"}]},{\"@type\":\"WebSite\",\"@id\":\"https:\\\/\\\/www.belvilla.nl\\\/blog\\\/#website\",\"url\":\"https:\\\/\\\/www.belvilla.nl\\\/blog\\\/\",\"name\":\"Belvilla Blog NL\",\"description\":\"\",\"potentialAction\":[{\"@type\":\"SearchAction\",\"target\":{\"@type\":\"EntryPoint\",\"urlTemplate\":\"https:\\\/\\\/www.belvilla.nl\\\/blog\\\/?s={search_term_string}\"},\"query-input\":{\"@type\":\"PropertyValueSpecification\",\"valueRequired\":true,\"valueName\":\"search_term_string\"}}],\"inLanguage\":\"nl-NL\"},{\"@type\":\"Person\",\"@id\":\"https:\\\/\\\/www.belvilla.nl\\\/blog\\\/#\\\/schema\\\/person\\\/7a68da0f1f5100cf652f73311fea426f\",\"name\":\"Viktar\",\"image\":{\"@type\":\"ImageObject\",\"inLanguage\":\"nl-NL\",\"@id\":\"https:\\\/\\\/secure.gravatar.com\\\/avatar\\\/2769e1632bd460b1d7344ee3c118c77f263dd790438ee92c44c552e0e33630c0?s=96&d=mm&r=g\",\"url\":\"https:\\\/\\\/secure.gravatar.com\\\/avatar\\\/2769e1632bd460b1d7344ee3c118c77f263dd790438ee92c44c552e0e33630c0?s=96&d=mm&r=g\",\"contentUrl\":\"https:\\\/\\\/secure.gravatar.com\\\/avatar\\\/2769e1632bd460b1d7344ee3c118c77f263dd790438ee92c44c552e0e33630c0?s=96&d=mm&r=g\",\"caption\":\"Viktar\"},\"sameAs\":[\"https:\\\/\\\/oyomon.in\"]}]}<\/script>\n<!-- \/ Yoast SEO plugin. -->","yoast_head_json":{"title":"Proost op de Moezel | Belvilla Blog","description":"Verrassende vragen van vakantiehuiseigenaren krijgen we vaker. Deze echter nog nooit: \u201cWanneer is er weer een feestje bij jullie?\u201d. Proost op de Moezel!","robots":{"index":"index","follow":"follow","max-snippet":"max-snippet:-1","max-image-preview":"max-image-preview:large","max-video-preview":"max-video-preview:-1"},"canonical":"https:\/\/www.belvilla.nl\/blog\/proost-op-de-moezel\/","og_locale":"nl_NL","og_type":"article","og_title":"Proost op de Moezel | Belvilla Blog","og_description":"Verrassende vragen van vakantiehuiseigenaren krijgen we vaker. Deze echter nog nooit: \u201cWanneer is er weer een feestje bij jullie?\u201d. Proost op de Moezel!","og_url":"https:\/\/www.belvilla.nl\/blog\/proost-op-de-moezel\/","og_site_name":"Belvilla Blog NL","article_published_time":"2022-12-13T15:53:03+00:00","article_modified_time":"2023-10-22T10:32:34+00:00","og_image":[{"width":892,"height":593,"url":"https:\/\/www.belvilla.nl\/blog\/wp-content\/uploads\/sites\/6\/2014\/11\/Proost-Belvilla-Moezel-1.jpg","type":"image\/jpeg"}],"author":"Viktar","twitter_card":"summary_large_image","twitter_misc":{"Geschreven door":"Viktar","Geschatte leestijd":"1 minuut"},"schema":{"@context":"https:\/\/schema.org","@graph":[{"@type":"Article","@id":"https:\/\/www.belvilla.nl\/blog\/proost-op-de-moezel\/#article","isPartOf":{"@id":"https:\/\/www.belvilla.nl\/blog\/proost-op-de-moezel\/"},"author":{"name":"Viktar","@id":"https:\/\/www.belvilla.nl\/blog\/#\/schema\/person\/7a68da0f1f5100cf652f73311fea426f"},"headline":"Proost op de Moezel","datePublished":"2022-12-13T15:53:03+00:00","dateModified":"2023-10-22T10:32:34+00:00","mainEntityOfPage":{"@id":"https:\/\/www.belvilla.nl\/blog\/proost-op-de-moezel\/"},"wordCount":238,"commentCount":0,"image":{"@id":"https:\/\/www.belvilla.nl\/blog\/proost-op-de-moezel\/#primaryimage"},"thumbnailUrl":"https:\/\/www.belvilla.nl\/blog\/wp-content\/uploads\/sites\/6\/2014\/11\/Proost-Belvilla-Moezel-1.jpg","articleSection":["Algemeen","Belgi\u00eb","Duitsland","Evenementen","Frankrijk","Gastblog","Griekenland","Inspiratie","Itali\u00eb","Last Minute","Met een groep","Nederland","Oostenrijk","Tips","Trends","Tsjechi\u00eb","Vakantiehuis met verhaal","Wintersport","Zweden"],"inLanguage":"nl-NL","potentialAction":[{"@type":"CommentAction","name":"Comment","target":["https:\/\/www.belvilla.nl\/blog\/proost-op-de-moezel\/#respond"]}]},{"@type":"WebPage","@id":"https:\/\/www.belvilla.nl\/blog\/proost-op-de-moezel\/","url":"https:\/\/www.belvilla.nl\/blog\/proost-op-de-moezel\/","name":"Proost op de Moezel | Belvilla Blog","isPartOf":{"@id":"https:\/\/www.belvilla.nl\/blog\/#website"},"primaryImageOfPage":{"@id":"https:\/\/www.belvilla.nl\/blog\/proost-op-de-moezel\/#primaryimage"},"image":{"@id":"https:\/\/www.belvilla.nl\/blog\/proost-op-de-moezel\/#primaryimage"},"thumbnailUrl":"https:\/\/www.belvilla.nl\/blog\/wp-content\/uploads\/sites\/6\/2014\/11\/Proost-Belvilla-Moezel-1.jpg","datePublished":"2022-12-13T15:53:03+00:00","dateModified":"2023-10-22T10:32:34+00:00","author":{"@id":"https:\/\/www.belvilla.nl\/blog\/#\/schema\/person\/7a68da0f1f5100cf652f73311fea426f"},"description":"Verrassende vragen van vakantiehuiseigenaren krijgen we vaker. Deze echter nog nooit: \u201cWanneer is er weer een feestje bij jullie?\u201d. Proost op de Moezel!","breadcrumb":{"@id":"https:\/\/www.belvilla.nl\/blog\/proost-op-de-moezel\/#breadcrumb"},"inLanguage":"nl-NL","potentialAction":[{"@type":"ReadAction","target":["https:\/\/www.belvilla.nl\/blog\/proost-op-de-moezel\/"]}]},{"@type":"ImageObject","inLanguage":"nl-NL","@id":"https:\/\/www.belvilla.nl\/blog\/proost-op-de-moezel\/#primaryimage","url":"https:\/\/www.belvilla.nl\/blog\/wp-content\/uploads\/sites\/6\/2014\/11\/Proost-Belvilla-Moezel-1.jpg","contentUrl":"https:\/\/www.belvilla.nl\/blog\/wp-content\/uploads\/sites\/6\/2014\/11\/Proost-Belvilla-Moezel-1.jpg","width":892,"height":593},{"@type":"BreadcrumbList","@id":"https:\/\/www.belvilla.nl\/blog\/proost-op-de-moezel\/#breadcrumb","itemListElement":[{"@type":"ListItem","position":1,"name":"Home","item":"https:\/\/www.belvilla.nl\/blog\/"},{"@type":"ListItem","position":2,"name":"Proost op de Moezel"}]},{"@type":"WebSite","@id":"https:\/\/www.belvilla.nl\/blog\/#website","url":"https:\/\/www.belvilla.nl\/blog\/","name":"Belvilla Blog NL","description":"","potentialAction":[{"@type":"SearchAction","target":{"@type":"EntryPoint","urlTemplate":"https:\/\/www.belvilla.nl\/blog\/?s={search_term_string}"},"query-input":{"@type":"PropertyValueSpecification","valueRequired":true,"valueName":"search_term_string"}}],"inLanguage":"nl-NL"},{"@type":"Person","@id":"https:\/\/www.belvilla.nl\/blog\/#\/schema\/person\/7a68da0f1f5100cf652f73311fea426f","name":"Viktar","image":{"@type":"ImageObject","inLanguage":"nl-NL","@id":"https:\/\/secure.gravatar.com\/avatar\/2769e1632bd460b1d7344ee3c118c77f263dd790438ee92c44c552e0e33630c0?s=96&d=mm&r=g","url":"https:\/\/secure.gravatar.com\/avatar\/2769e1632bd460b1d7344ee3c118c77f263dd790438ee92c44c552e0e33630c0?s=96&d=mm&r=g","contentUrl":"https:\/\/secure.gravatar.com\/avatar\/2769e1632bd460b1d7344ee3c118c77f263dd790438ee92c44c552e0e33630c0?s=96&d=mm&r=g","caption":"Viktar"},"sameAs":["https:\/\/oyomon.in"]}]}},"_links":{"self":[{"href":"https:\/\/www.belvilla.nl\/blog\/wp-json\/wp\/v2\/posts\/8720","targetHints":{"allow":["GET"]}}],"collection":[{"href":"https:\/\/www.belvilla.nl\/blog\/wp-json\/wp\/v2\/posts"}],"about":[{"href":"https:\/\/www.belvilla.nl\/blog\/wp-json\/wp\/v2\/types\/post"}],"author":[{"embeddable":true,"href":"https:\/\/www.belvilla.nl\/blog\/wp-json\/wp\/v2\/users\/1"}],"replies":[{"embeddable":true,"href":"https:\/\/www.belvilla.nl\/blog\/wp-json\/wp\/v2\/comments?post=8720"}],"version-history":[{"count":2,"href":"https:\/\/www.belvilla.nl\/blog\/wp-json\/wp\/v2\/posts\/8720\/revisions"}],"predecessor-version":[{"id":13014,"href":"https:\/\/www.belvilla.nl\/blog\/wp-json\/wp\/v2\/posts\/8720\/revisions\/13014"}],"wp:featuredmedia":[{"embeddable":true,"href":"https:\/\/www.belvilla.nl\/blog\/wp-json\/wp\/v2\/media\/8721"}],"wp:attachment":[{"href":"https:\/\/www.belvilla.nl\/blog\/wp-json\/wp\/v2\/media?parent=8720"}],"wp:term":[{"taxonomy":"category","embeddable":true,"href":"https:\/\/www.belvilla.nl\/blog\/wp-json\/wp\/v2\/categories?post=8720"},{"taxonomy":"post_tag","embeddable":true,"href":"https:\/\/www.belvilla.nl\/blog\/wp-json\/wp\/v2\/tags?post=8720"},{"taxonomy":"location","embeddable":true,"href":"https:\/\/www.belvilla.nl\/blog\/wp-json\/wp\/v2\/location?post=8720"}],"curies":[{"name":"wp","href":"https:\/\/api.w.org\/{rel}","templated":true}]}}