{"id":8594,"date":"2015-05-15T00:00:00","date_gmt":"2022-12-13T15:52:33","guid":{"rendered":"https:\/\/www.belvilla.nl\/blog\/?p=8594"},"modified":"2023-10-22T11:19:05","modified_gmt":"2023-10-22T11:19:05","slug":"fris-en-fruitig-vakantie-vieren","status":"publish","type":"post","link":"https:\/\/www.belvilla.nl\/blog\/fris-en-fruitig-vakantie-vieren\/","title":{"rendered":"Fris en fruitig vakantie vieren"},"content":{"rendered":"\n<p>De bloei van fruitbomen geeft een prachtig startsein voor\u00a0de lente. Wist je dat er wereldwijd\u00a0slechts enkele fruitregio\u2019s zijn waar de fruitbomen ineens een grote bloesemzee vormen? De Nederlandse Betuwe\u00a0en de Belgische regio Haspengouw zijn daar voorbeelden van. Natuurlijk kun je op meer plaatsen volop fruit proeven. Belvilla geeft tips voor een <a href=\"https:\/\/www.belvilla.nl\/blog\/goedkope-vakantie\/\">vakantie<\/a> in het teken van fruit, bijvoorbeeld vanuit je &#8216;eigen&#8217; pluktuin. Verser kan niet! Geniet ook eens vanuit een fris en fruitig <a href=\"https:\/\/www.belvilla.nl\/blog\/vakantiehuis-met-privezwembad\/\">vakantiehuis<\/a> van het lekkers van het land. We laten je zien hoe jij je vakantie fruitig invult.<\/p>\n<p><span id=\"more-4804\"><\/span><\/p>\n<h3>Vakantiehuizen in fruitregio de Betuwe<\/h3>\n<p>Het is natuurlijk altijd afwachten wanneer de fruitbloei precies losbarst. De natuur\u00a0weet steeds te verrassen\u00a0en kiest zelf het moment. Globaal bloeit de Betuwe van begin april tot eind mei, waarna het fruit langzaam groeit en de oogst uiteindelijk plaatsvindt in de periode tussen juli en oktober. Ben je op zoek naar een <a title=\"Vakantiehuis in De Betuwe | Belvilla vakantiehuizen\" href=\"https:\/\/www.belvilla.nl\/search\/?filters[country_id]=143&amp;searchType=COUNTRY\" target=\"_blank\" rel=\"noopener\">vakantiehuis in de Betuwe<\/a>? In de regio rond Tiel biedt Belvilla diverse vakantiehuizen waar je vakantie kan vieren in het teken van fruit.\u00a0In deze fruithoofdstad vind\u00a0je onder meer het Flipje\u00a0en Streekmuseum Tiel (kortweg FEST). Tiel is ook de stad waar ieder jaar in september het fruitcorso plaatsvindt.<\/p>\n<h3><span style=\"color: #000000\"><strong>Vakantiehuizen op een landgoed<\/strong><\/span><\/h3>\n<p>Op het prachtige Landgoed Heerlijkheid Mari\u00ebrenwaerdt vind je twee bijzondere vakantiehuizen. Het uitgestrekte familielandgoed ligt in een kom van rivier de Linge. Naast de bloesempracht in de lente, kun je hier ree\u00ebn, fazanten en hazen spotten. In het najaar kun je je tegoed doen aan de vele noten die je hier sprokkelt onder de notenbomen. Het charmante <a title=\"Vakantiehuis Buitenlevenhuisje in Beesd huren bij Belvilla\" href=\"https:\/\/www.belvilla.nl\/?utm_medium=social-p\" target=\"_blank\" rel=\"noopener\">Buitenlevenhuisje<\/a> is het vroegere woonhuis van de jachtopzichter. Het stamt uit ongeveer 1500. In 2011 is het huis volledig gerenoveerd en vervolgens ingericht met een styliste van het magazine \u2018Buitenleven\u2019, waardoor het een pittig landelijke inrichting heeft. Daar lees je meer over in het <a title=\"Artikel Buitenleven - Logeren in Buitenlevensfeer, augustus 2012\" href=\"https:\/\/www.belvilla.nl\/pers\/publicaties\/bl1206_buitenlevenvakantiehuis_a.pdf\" target=\"_blank\" rel=\"noopener\">artikel uit Buitenleven<\/a>.<\/p>\n<div id=\"attachment_5192\" style=\"width: 902px\" class=\"wp-caption aligncenter\"><a href=\"https:\/\/www.belvilla.nl\/?utm_medium=social-p\" target=\"_blank\" rel=\"noopener\"><img loading=\"lazy\" decoding=\"async\" src=\"https:\/\/www.belvilla.nl\/blog\/wp-content\/uploads\/sites\/6\/2015\/05\/Buitenlevenhuisje.jpg\" alt=\"Finca Lomas de Tienda Spanje Belvilla fruit vakantiehuizen\" width=\"892\" height=\"595\" class=\"aligncenter size-medium wp-image-8579\" \/><\/a><\/p>\n<p id=\"caption-attachment-5192\" class=\"wp-caption-text\">Het charmante Buitenlevenhuisje is gerenoveerd en ingericht door een stylist<\/p>\n<\/div>\n<div id=\"attachment_5198\" style=\"width: 902px\" class=\"wp-caption aligncenter\"><a href=\"https:\/\/www.belvilla.nl\/?utm_medium=social-p\" target=\"_blank\" rel=\"noopener\"><img loading=\"lazy\" decoding=\"async\" src=\"https:\/\/www.belvilla.nl\/blog\/wp-content\/uploads\/sites\/6\/2015\/05\/lekkers-landgoed-Marienwaerdt.jpg\" alt=\"Finca Lomas de Tienda Spanje Belvilla fruit vakantiehuizen\" width=\"892\" height=\"595\" class=\"aligncenter size-medium wp-image-8580\" \/><\/a><\/p>\n<p id=\"caption-attachment-5198\" class=\"wp-caption-text\">Lekkers van het landgoed wacht je op in deze vroegere jachtopzichterswoning<\/p>\n<\/div>\n<p>Een andere woning op dit landgoed is <a title=\"Vakantiehuis Hofstede de Abtsbouwing in Beesd huren bij Belvilla\" href=\"https:\/\/www.belvilla.nl\/?utm_medium=social-p\" target=\"_blank\" rel=\"noopener\">Hofstede de Abtsbouwing<\/a>, een vakantiehuis waar opnames zijn gemaakt van de populaire <a title=\"Televisieserie Dokter Tinus\" href=\"https:\/\/www.kijk.nl\" target=\"_blank\" rel=\"noopener\">televisieserie Dokter Tinus<\/a>. Het fungeerde toen als boerderij van tante Jannie, gespeeld door <a title=\"Tante Jannie uit Dokter Tinus, gespeeld door Kitty Courbois\" href=\"https:\/\/www.kijk.nl\" target=\"_blank\" rel=\"noopener\">Kitty Courbois<\/a>.<\/p>\n<div id=\"attachment_5193\" style=\"width: 902px\" class=\"wp-caption aligncenter\"><a href=\"https:\/\/www.belvilla.nl\/?utm_medium=social-p\" target=\"_blank\" rel=\"noopener\"><img loading=\"lazy\" decoding=\"async\" src=\"https:\/\/www.belvilla.nl\/blog\/wp-content\/uploads\/sites\/6\/2015\/05\/De-Abtsbouwing.jpg\" alt=\"Finca Lomas de Tienda Spanje Belvilla fruit vakantiehuizen\" width=\"892\" height=\"595\" class=\"aligncenter size-medium wp-image-8581\" \/><\/a><\/p>\n<p id=\"caption-attachment-5193\" class=\"wp-caption-text\">Hofstede de Abtsbouwing op een landgoed in de Betuwe speelde een rol in de tv-serie Dokter Tinus<\/p>\n<\/div>\n<p>Ook Landgoed Noordenhoek ligt in de Betuwe. Hier vind je een in authentieke stijl herbouwd koetshuis genaamd \u2018<a title=\"Landhuis Koetshuis 't Geyn-Landgoed Noordenhoek in Geldermalsen, Deil huren bij Belvilla\" href=\"https:\/\/www.belvilla.nl\/nl\/100025083\/?utm_medium=social-p\" target=\"_blank\" rel=\"noopener\">Koetshuis \u2019t Geyn<\/a>\u2019. Deze sfeervolle vakantiewoning heeft een priv\u00e9terras in de boomgaard. Op hetzelfde landgoed staat ook het <a title=\"Cottage\/g\u00eete Appeldijk Huisje-Landgoed Noordenhoek in Geldermalsen, Deil huren bij Belvilla\" href=\"https:\/\/www.belvilla.nl\/?utm_medium=social-p\" target=\"_blank\" rel=\"noopener\">Appeldijk Huisje<\/a>, een vroegere boerderij.<\/p>\n<div id=\"attachment_5199\" style=\"width: 442px\" class=\"wp-caption aligncenter\"><a href=\"https:\/\/www.belvilla.nl\/nl\/100025083\/?utm_medium=social-p\" target=\"_blank\" rel=\"noopener\"><img loading=\"lazy\" decoding=\"async\" src=\"https:\/\/www.belvilla.nl\/blog\/wp-content\/uploads\/sites\/6\/2015\/05\/terras-t-Geyn.jpg\" alt=\"Finca Lomas de Tienda Spanje Belvilla fruit vakantiehuizen\" width=\"432\" height=\"648\" class=\"aligncenter size-medium wp-image-8582\" \/><\/a><\/p>\n<p id=\"caption-attachment-5199\" class=\"wp-caption-text\">Wat zal het heerlijk zijn op dit terras van Koetshuis &#8216;t Geyn aan de boomgaard!<\/p>\n<\/div>\n<div id=\"attachment_5200\" style=\"width: 370px\" class=\"wp-caption aligncenter\"><a href=\"https:\/\/www.belvilla.nl\/nl\/100025083\/?utm_medium=social-p\" target=\"_blank\" rel=\"noopener\"><img loading=\"lazy\" decoding=\"async\" src=\"https:\/\/www.belvilla.nl\/blog\/wp-content\/uploads\/sites\/6\/2015\/05\/Uitzicht-t-Geyn.jpg\" alt=\"Finca Lomas de Tienda Spanje Belvilla fruit vakantiehuizen\" width=\"360\" height=\"480\" class=\"aligncenter size-medium wp-image-8583\" \/><\/a><\/p>\n<p id=\"caption-attachment-5200\" class=\"wp-caption-text\">Vanuit het herbouwde koetshuis kijk je uit over de fruitbomen<\/p>\n<\/div>\n<div id=\"attachment_5202\" style=\"width: 902px\" class=\"wp-caption aligncenter\"><a href=\"https:\/\/www.belvilla.nl\/?utm_medium=social-p\" target=\"_blank\" rel=\"noopener\"><img loading=\"lazy\" decoding=\"async\" src=\"https:\/\/www.belvilla.nl\/blog\/wp-content\/uploads\/sites\/6\/2015\/05\/Appeldijkhuisje.jpg\" alt=\"Finca Lomas de Tienda Spanje Belvilla fruit vakantiehuizen\" width=\"892\" height=\"595\" class=\"aligncenter size-medium wp-image-8584\" \/><\/a><\/p>\n<p id=\"caption-attachment-5202\" class=\"wp-caption-text\">Het Appeldijk Huisje is een romantische vakantiewoning op een landgoed aan rivier de Linge<\/p>\n<\/div>\n<h3><span style=\"color: #000000\"><strong>Sapfabriekje naast de deur<\/strong><\/span><\/h3>\n<p>Eveneens in de Betuwe staat <a title=\"Boerderij de Rit in Zoelen huren bij Belvilla\" href=\"https:\/\/www.belvilla.nl\/?utm_medium=social-p\" target=\"_blank\" rel=\"noopener\">Boerderij de Rit<\/a> met een\u00a0sapfabriekje naast de boerderij. Mensen uit het hele land schijnen hier naartoe te komen om hun appels en peren te laten persen. Boerderij de Rit is een vakantiehuis in het voorhuis van een boerderij die teruggaat naar omstreeks 1730. In het achterste deel van de boerderij is een ambachtelijke notenperserij.<\/p>\n<div id=\"attachment_5190\" style=\"width: 902px\" class=\"wp-caption aligncenter\"><a href=\"https:\/\/www.belvilla.nl\/?utm_medium=social-p\" target=\"_blank\" rel=\"noopener\"><img loading=\"lazy\" decoding=\"async\" src=\"https:\/\/www.belvilla.nl\/blog\/wp-content\/uploads\/sites\/6\/2015\/05\/Boerderij-de-Rit.jpg\" alt=\"Finca Lomas de Tienda Spanje Belvilla fruit vakantiehuizen\" width=\"892\" height=\"595\" class=\"aligncenter size-medium wp-image-8585\" \/><\/a><\/p>\n<p id=\"caption-attachment-5190\" class=\"wp-caption-text\">Mooie landelijke beleving vanuit Boerderij de Rit in de Betuwe &#8211; naast de boerderij is een sapfabriekje en erachter vind je een notenperserij<\/p>\n<\/div>\n<h3>Vakantiewoningen in fruitstreek Haspengouw<\/h3>\n<p>De streek Haspengouw is de Belgische fruitstreek, die veel aandacht kreeg door de populaire Vlaamse televisieserie Katarakt. Deze serie heeft zijn vruchten afgeworpen en vele ge\u00efnteresseerden naar Haspengouw getrokken. Zo kun je nu bijvoorbeeld fiets- en Vespatours door de Belgisch-Limburgse fruitgaarden volgen en kent fruithoofdstad Sint Truiden een heus ontvangstcentrum in de stijl van Katarakt. Voor het <a title=\"Saartje Vandendriessche ontdekt Haspengouw - Vlaanderen Vakantieland\" href=\"https:\/\/www.een.be\/programmas\/vlaanderen-vakantieland\/saartje-ontdekt-het-land-van-katarakt-haspengouw\" target=\"_blank\" class=\"broken_link\" rel=\"noopener\">reisprogramma Vlaanderen Vakantieland<\/a> reisde Saartje Vandendriessche naar deze fruitregio en trad\u00a0in de voetsporen van de tv-serie, terwijl\u00a0ze de regio Haspengouw ontdekt per scooter.\u00a0Ook Haspengouw staat van april tot oktober in het teken van fruit. Kom wandelen of fietsen, geniet van de kleurenpracht, snuif de lekkere fruitaroma&#8217;s op en vier feest vanuit een <a title=\"Vakantiehuis in Haspengouw | Belvilla vakantiehuizen\" href=\"https:\/\/www.belvilla.nl\/search\/?filters[country_id]=143&amp;searchType=COUNTRY\" target=\"_blank\" rel=\"noopener\">vakantiehuis in Haspengouw<\/a>.<\/p>\n<div id=\"attachment_5197\" style=\"width: 902px\" class=\"wp-caption aligncenter\"><a href=\"https:\/\/www.belvilla.nl\/search\/?filters[country_id]=143&amp;searchType=COUNTRY\" target=\"_blank\" rel=\"noopener\"><img loading=\"lazy\" decoding=\"async\" src=\"https:\/\/www.belvilla.nl\/blog\/wp-content\/uploads\/sites\/6\/2015\/05\/Haspengouw.jpg\" alt=\"Finca Lomas de Tienda Spanje Belvilla fruit vakantiehuizen\" width=\"892\" height=\"595\" class=\"aligncenter size-medium wp-image-8586\" \/><\/a><\/p>\n<p id=\"caption-attachment-5197\" class=\"wp-caption-text\">Haspengouw is de fruitregio van Belgi\u00eb<\/p>\n<\/div>\n<h3><span style=\"color: #000000\"><strong>Pluk de dag in De Pluktuin<\/strong><\/span><\/h3>\n<p>Vakantiehuis <a title=\"Vakantiehuis De Pluktuin in Kortessem huren bij Belvilla\" href=\"https:\/\/www.belvilla.nl\/?utm_medium=social-p\" target=\"_blank\" rel=\"noopener\">De Pluktuin<\/a> staat volledig in het thema van bloemen. Fleurig behang, sprekende kleuren, een bloemenzee rond huis in de zomermaanden en bovendien de mogelijkheid om een workshop te volgen bij de eigenaar die bloemist is. Tel daar de ligging in fruitregio Haspengouw bij op en je bent ervan verzekerd dat je hier de dag kunt plukken!<\/p>\n<h3><span style=\"color: #000000\"><strong>Klooster in Haspengouw<\/strong><\/span><\/h3>\n<p>Het <a title=\"Vakantiehuis Het Bloesemklooster in Sint-Truiden huren bij Belvilla\" href=\"https:\/\/www.belvilla.nl\/be\/100016787\/?utm_medium=social-p\" target=\"_blank\" rel=\"noopener\">Bloesemklooster<\/a> is nu een groepswoning, maar fungeerde vroeger als klooster van Karmelieten. Diverse oude elementen zijn bewaard, zoals de kruis op het dak en prachtige tongewelven in huis. Vanuit de mooiste kamer in het vroegere klooster kijk je uit op de tuin, de bloesems en\u00a0de appelplantages. Je verblijft in Zepperen, een deelgemeente van de Haspengouwse fruithoofdstad Sint-Truiden.<\/p>\n<div id=\"attachment_5189\" style=\"width: 442px\" class=\"wp-caption aligncenter\"><a href=\"https:\/\/www.belvilla.nl\/be\/100016787\/?utm_medium=social-p\" target=\"_blank\" rel=\"noopener\"><img loading=\"lazy\" decoding=\"async\" src=\"https:\/\/www.belvilla.nl\/blog\/wp-content\/uploads\/sites\/6\/2015\/05\/Bloesemklooster.jpg\" alt=\"Finca Lomas de Tienda Spanje Belvilla fruit vakantiehuizen\" width=\"432\" height=\"648\" class=\"aligncenter size-medium wp-image-8587\" \/><\/a><\/p>\n<p id=\"caption-attachment-5189\" class=\"wp-caption-text\">Groepshuis Het Bloesemklooster was ooit een klooster van Karmelieten, zoals je aan het kruis nog kan zien<\/p>\n<\/div>\n<h3>Vakantiehuis met eigen fruitgaard<\/h3>\n<p>Naast vakantiehuizen in fruitregio\u2019s biedt Belvilla ook vakantiewoningen aan met eigen fruitgaard. En aangezien een foto meer zegt dan duizend woorden\u2026<\/p>\n<p>Proef van de biologische groenten en fruit rond <a title=\"Vakantiehuis Green Cottage in Alphen huren bij Belvilla\" href=\"https:\/\/www.belvilla.nl\/?utm_medium=social-p\" target=\"_blank\" rel=\"noopener\">Green Cottage<\/a>, plus de biologische honing uit eigen imkerij en een kakelvers eitje van de huiskippen.<\/p>\n<div id=\"attachment_5196\" style=\"width: 902px\" class=\"wp-caption aligncenter\"><a href=\"https:\/\/www.belvilla.nl\/?utm_medium=social-p\" target=\"_blank\" rel=\"noopener\"><img loading=\"lazy\" decoding=\"async\" src=\"https:\/\/www.belvilla.nl\/blog\/wp-content\/uploads\/sites\/6\/2015\/05\/Green-Cottage.jpg\" alt=\"Finca Lomas de Tienda Spanje Belvilla fruit vakantiehuizen\" width=\"892\" height=\"595\" class=\"aligncenter size-medium wp-image-8588\" \/><\/a><\/p>\n<p id=\"caption-attachment-5196\" class=\"wp-caption-text\">Veel groen rond de Green Cottage in Noord-Brabant<\/p>\n<\/div>\n<p>Het monumentale vakantiehuis <a title=\"Villa Jachtrust in Houten huren bij Belvilla\" href=\"https:\/\/www.belvilla.nl\/?utm_medium=social-p\" target=\"_blank\" rel=\"noopener\">Villa Jachtrust<\/a> is een oude jachtopzichterswoning in de provincie Utrecht met appelgaard voor de deur.<\/p>\n<div id=\"attachment_5201\" style=\"width: 902px\" class=\"wp-caption aligncenter\"><a href=\"https:\/\/www.belvilla.nl\/?utm_medium=social-p\" target=\"_blank\" rel=\"noopener\"><img loading=\"lazy\" decoding=\"async\" src=\"https:\/\/www.belvilla.nl\/blog\/wp-content\/uploads\/sites\/6\/2015\/05\/Villa-Jachtrust.jpg\" alt=\"Finca Lomas de Tienda Spanje Belvilla fruit vakantiehuizen\" width=\"892\" height=\"595\" class=\"aligncenter size-medium wp-image-8589\" \/><\/a><\/p>\n<p id=\"caption-attachment-5201\" class=\"wp-caption-text\">De verzameling theepotjes in Villa Jachtrust kijkt uit op de appelgaard<\/p>\n<\/div>\n<p>Je gaat terug in de tijd van weleer in\u00a0\u2018<a title=\"Boerderij Boerenvoorhuis d'Oompies in Westerveld, Wapse huren bij Belvilla\" href=\"https:\/\/www.belvilla.nl\/?utm_medium=social-p\" target=\"_blank\" rel=\"noopener\">Boerenvoorhuis d\u2019Oompies<\/a>\u2019\u00a0met een oude boomgaard waar het heerlijk vertoeven is onder de appel- en pruimenboom.<\/p>\n<div id=\"attachment_5191\" style=\"width: 902px\" class=\"wp-caption aligncenter\"><a href=\"https:\/\/www.belvilla.nl\/?utm_medium=social-p\" target=\"_blank\" rel=\"noopener\"><img loading=\"lazy\" decoding=\"async\" src=\"https:\/\/www.belvilla.nl\/blog\/wp-content\/uploads\/sites\/6\/2015\/05\/Boerenvoorhuis-dOompies.jpg\" alt=\"Finca Lomas de Tienda Spanje Belvilla fruit vakantiehuizen\" width=\"892\" height=\"595\" class=\"aligncenter size-medium wp-image-8590\" \/><\/a><\/p>\n<p id=\"caption-attachment-5191\" class=\"wp-caption-text\">Stap terug in de tijd in Boerenvoorhuis d&#8217;Oompies en geniet onder meer van de appel- en pruimengaard<\/p>\n<\/div>\n<p>Bij het <a title=\"Vakantiehuis Vakantiehoeve Berckelaer in Sint-Gillis-Waas huren bij Belvilla\" href=\"https:\/\/www.belvilla.nl\/?utm_medium=social-p\" target=\"_blank\" rel=\"noopener\">groepshuis Vakantiehoeve Berckelaer<\/a> in Oost-Vlaanderen\u00a0heb je een fruitgaard voor de deur.<\/p>\n<div id=\"attachment_5205\" style=\"width: 902px\" class=\"wp-caption aligncenter\"><a href=\"https:\/\/www.belvilla.nl\/?utm_medium=social-p\" target=\"_blank\" rel=\"noopener\"><img loading=\"lazy\" decoding=\"async\" src=\"https:\/\/www.belvilla.nl\/blog\/wp-content\/uploads\/sites\/6\/2015\/05\/Vakantiehoeve-Berckelaer.jpg\" alt=\"Finca Lomas de Tienda Spanje Belvilla fruit vakantiehuizen\" width=\"892\" height=\"595\" class=\"aligncenter size-medium wp-image-8591\" \/><\/a><\/p>\n<p id=\"caption-attachment-5205\" class=\"wp-caption-text\">Vele fruitbomen sieren de tuin van het groepshuis Vakantiehoeve Berkelaer<\/p>\n<\/div>\n<p>De Franse Ard\u00e8che herbergt een klein, wit vakantiehuis met de toepasselijke naam <a title=\"Cottage La Petite Maison Blanche in Accons huren bij Belvilla\" href=\"https:\/\/www.belvilla.nl\/?utm_medium=social-p\" target=\"_blank\" rel=\"noopener\">La Petite Maison Blanche<\/a>. Als de appeltjes rijp zijn, hoef je maar een paar passen buiten de deur te zetten om ze te proeven!<\/p>\n<div id=\"attachment_5206\" style=\"width: 902px\" class=\"wp-caption aligncenter\"><a href=\"https:\/\/www.belvilla.nl\/?utm_medium=social-p\" target=\"_blank\" rel=\"noopener\"><img loading=\"lazy\" decoding=\"async\" src=\"https:\/\/www.belvilla.nl\/blog\/wp-content\/uploads\/sites\/6\/2015\/05\/La-Petite-Maison-Blanche.jpg\" alt=\"Finca Lomas de Tienda Spanje Belvilla fruit vakantiehuizen\" width=\"892\" height=\"595\" class=\"aligncenter size-medium wp-image-8592\" \/><\/a><\/p>\n<p id=\"caption-attachment-5206\" class=\"wp-caption-text\">Bij La Petite Maison Blanche in de Ard\u00e8che groeien de appels voor de deur<\/p>\n<\/div>\n<p>In het binnenland van <a href=\"https:\/\/www.belvilla.nl\/blog\/mooiste-plekken-andalusie\/\">Andalusi\u00eb<\/a> staat <a title=\"Landhuis Finca Lomas de Tienda in Antequera, Villanueva de la Concepc\u00edon huren bij Belvilla\" href=\"https:\/\/www.belvilla.nl\/es\/100035693\/?utm_medium=social-p\" target=\"_blank\" rel=\"noopener\">Finca Lomas de Tienda<\/a>, een ecologisch landgoed met amandel- en olijfbomen.<\/p>\n<div id=\"attachment_5194\" style=\"width: 810px\" class=\"wp-caption aligncenter\"><a href=\"https:\/\/www.belvilla.nl\/es\/100035693\/?utm_medium=social-p\" target=\"_blank\" rel=\"noopener\"><img loading=\"lazy\" decoding=\"async\" src=\"https:\/\/www.belvilla.nl\/blog\/wp-content\/uploads\/sites\/6\/2015\/05\/Finca-Lomas-de-Tienda.jpg\" alt=\"Finca Lomas de Tienda Spanje Belvilla fruit vakantiehuizen\" width=\"800\" height=\"533\" class=\"aligncenter size-medium wp-image-8593\" \/><\/a><\/p>\n<p id=\"caption-attachment-5194\" class=\"wp-caption-text\">Meer exotisch fruit vind je in deze Zuid-Spaanse finca<\/p>\n<\/div>\n<p>Kortom, pluk ook de dag vanuit \u00e9\u00e9n van onze fruithuizen!<\/p>\n","protected":false},"excerpt":{"rendered":"<p>De bloei van fruitbomen geeft een prachtig startsein voor\u00a0de lente. Wist je dat er wereldwijd\u00a0slechts enkele fruitregio\u2019s zijn waar de&hellip;<\/p>\n","protected":false},"author":1,"featured_media":8595,"comment_status":"open","ping_status":"open","sticky":false,"template":"","format":"standard","meta":{"footnotes":""},"categories":[95,106,107,108,112,93,114,109,99,117,118,134,126,131,141],"tags":[],"location":[],"class_list":["post-8594","post","type-post","status-publish","format-standard","has-post-thumbnail","hentry","category-algemeen","category-belgie","category-duitsland","category-frankrijk","category-griekenland","category-inspiratie","category-italie","category-nederland","category-oostenrijk","category-portugal","category-spanje","category-trends","category-tsjechie","category-vakantiehuizen","category-zweden"],"acf":[],"yoast_head":"<!-- This site is optimized with the Yoast SEO plugin v27.5 - https:\/\/yoast.com\/product\/yoast-seo-wordpress\/ -->\n<title>Fris en fruitig vakantie vieren | Belvilla Blog<\/title>\n<meta name=\"description\" content=\"Belvilla geeft tips voor een vakantie in het teken van fruit. Geniet ook eens vanuit een fris en fruitig vakantiehuis van het lekkers van het land.\" \/>\n<meta name=\"robots\" content=\"index, follow, max-snippet:-1, max-image-preview:large, max-video-preview:-1\" \/>\n<link rel=\"canonical\" href=\"https:\/\/www.belvilla.nl\/blog\/fris-en-fruitig-vakantie-vieren\/\" \/>\n<meta property=\"og:locale\" content=\"nl_NL\" \/>\n<meta property=\"og:type\" content=\"article\" \/>\n<meta property=\"og:title\" content=\"Fris en fruitig vakantie vieren | Belvilla Blog\" \/>\n<meta property=\"og:description\" content=\"Belvilla geeft tips voor een vakantie in het teken van fruit. Geniet ook eens vanuit een fris en fruitig vakantiehuis van het lekkers van het land.\" \/>\n<meta property=\"og:url\" content=\"https:\/\/www.belvilla.nl\/blog\/fris-en-fruitig-vakantie-vieren\/\" \/>\n<meta property=\"og:site_name\" content=\"Belvilla Blog NL\" \/>\n<meta property=\"article:published_time\" content=\"2022-12-13T15:52:33+00:00\" \/>\n<meta property=\"article:modified_time\" content=\"2023-10-22T11:19:05+00:00\" \/>\n<meta property=\"og:image\" content=\"https:\/\/www.belvilla.nl\/blog\/wp-content\/uploads\/sites\/6\/2015\/05\/fruit.jpg\" \/>\n\t<meta property=\"og:image:width\" content=\"624\" \/>\n\t<meta property=\"og:image:height\" content=\"416\" \/>\n\t<meta property=\"og:image:type\" content=\"image\/jpeg\" \/>\n<meta name=\"author\" content=\"Viktar\" \/>\n<meta name=\"twitter:card\" content=\"summary_large_image\" \/>\n<meta name=\"twitter:label1\" content=\"Geschreven door\" \/>\n\t<meta name=\"twitter:data1\" content=\"Viktar\" \/>\n\t<meta name=\"twitter:label2\" content=\"Geschatte leestijd\" \/>\n\t<meta name=\"twitter:data2\" content=\"5 minuten\" \/>\n<script type=\"application\/ld+json\" class=\"yoast-schema-graph\">{\"@context\":\"https:\\\/\\\/schema.org\",\"@graph\":[{\"@type\":\"Article\",\"@id\":\"https:\\\/\\\/www.belvilla.nl\\\/blog\\\/fris-en-fruitig-vakantie-vieren\\\/#article\",\"isPartOf\":{\"@id\":\"https:\\\/\\\/www.belvilla.nl\\\/blog\\\/fris-en-fruitig-vakantie-vieren\\\/\"},\"author\":{\"name\":\"Viktar\",\"@id\":\"https:\\\/\\\/www.belvilla.nl\\\/blog\\\/#\\\/schema\\\/person\\\/7a68da0f1f5100cf652f73311fea426f\"},\"headline\":\"Fris en fruitig vakantie vieren\",\"datePublished\":\"2022-12-13T15:52:33+00:00\",\"dateModified\":\"2023-10-22T11:19:05+00:00\",\"mainEntityOfPage\":{\"@id\":\"https:\\\/\\\/www.belvilla.nl\\\/blog\\\/fris-en-fruitig-vakantie-vieren\\\/\"},\"wordCount\":1065,\"commentCount\":0,\"image\":{\"@id\":\"https:\\\/\\\/www.belvilla.nl\\\/blog\\\/fris-en-fruitig-vakantie-vieren\\\/#primaryimage\"},\"thumbnailUrl\":\"https:\\\/\\\/www.belvilla.nl\\\/blog\\\/wp-content\\\/uploads\\\/sites\\\/6\\\/2015\\\/05\\\/fruit.jpg\",\"articleSection\":[\"Algemeen\",\"Belgi\u00eb\",\"Duitsland\",\"Frankrijk\",\"Griekenland\",\"Inspiratie\",\"Itali\u00eb\",\"Nederland\",\"Oostenrijk\",\"Portugal\",\"Spanje\",\"Trends\",\"Tsjechi\u00eb\",\"Vakantiehuizen\",\"Zweden\"],\"inLanguage\":\"nl-NL\",\"potentialAction\":[{\"@type\":\"CommentAction\",\"name\":\"Comment\",\"target\":[\"https:\\\/\\\/www.belvilla.nl\\\/blog\\\/fris-en-fruitig-vakantie-vieren\\\/#respond\"]}]},{\"@type\":\"WebPage\",\"@id\":\"https:\\\/\\\/www.belvilla.nl\\\/blog\\\/fris-en-fruitig-vakantie-vieren\\\/\",\"url\":\"https:\\\/\\\/www.belvilla.nl\\\/blog\\\/fris-en-fruitig-vakantie-vieren\\\/\",\"name\":\"Fris en fruitig vakantie vieren | Belvilla Blog\",\"isPartOf\":{\"@id\":\"https:\\\/\\\/www.belvilla.nl\\\/blog\\\/#website\"},\"primaryImageOfPage\":{\"@id\":\"https:\\\/\\\/www.belvilla.nl\\\/blog\\\/fris-en-fruitig-vakantie-vieren\\\/#primaryimage\"},\"image\":{\"@id\":\"https:\\\/\\\/www.belvilla.nl\\\/blog\\\/fris-en-fruitig-vakantie-vieren\\\/#primaryimage\"},\"thumbnailUrl\":\"https:\\\/\\\/www.belvilla.nl\\\/blog\\\/wp-content\\\/uploads\\\/sites\\\/6\\\/2015\\\/05\\\/fruit.jpg\",\"datePublished\":\"2022-12-13T15:52:33+00:00\",\"dateModified\":\"2023-10-22T11:19:05+00:00\",\"author\":{\"@id\":\"https:\\\/\\\/www.belvilla.nl\\\/blog\\\/#\\\/schema\\\/person\\\/7a68da0f1f5100cf652f73311fea426f\"},\"description\":\"Belvilla geeft tips voor een vakantie in het teken van fruit. Geniet ook eens vanuit een fris en fruitig vakantiehuis van het lekkers van het land.\",\"breadcrumb\":{\"@id\":\"https:\\\/\\\/www.belvilla.nl\\\/blog\\\/fris-en-fruitig-vakantie-vieren\\\/#breadcrumb\"},\"inLanguage\":\"nl-NL\",\"potentialAction\":[{\"@type\":\"ReadAction\",\"target\":[\"https:\\\/\\\/www.belvilla.nl\\\/blog\\\/fris-en-fruitig-vakantie-vieren\\\/\"]}]},{\"@type\":\"ImageObject\",\"inLanguage\":\"nl-NL\",\"@id\":\"https:\\\/\\\/www.belvilla.nl\\\/blog\\\/fris-en-fruitig-vakantie-vieren\\\/#primaryimage\",\"url\":\"https:\\\/\\\/www.belvilla.nl\\\/blog\\\/wp-content\\\/uploads\\\/sites\\\/6\\\/2015\\\/05\\\/fruit.jpg\",\"contentUrl\":\"https:\\\/\\\/www.belvilla.nl\\\/blog\\\/wp-content\\\/uploads\\\/sites\\\/6\\\/2015\\\/05\\\/fruit.jpg\",\"width\":624,\"height\":416},{\"@type\":\"BreadcrumbList\",\"@id\":\"https:\\\/\\\/www.belvilla.nl\\\/blog\\\/fris-en-fruitig-vakantie-vieren\\\/#breadcrumb\",\"itemListElement\":[{\"@type\":\"ListItem\",\"position\":1,\"name\":\"Home\",\"item\":\"https:\\\/\\\/www.belvilla.nl\\\/blog\\\/\"},{\"@type\":\"ListItem\",\"position\":2,\"name\":\"Fris en fruitig vakantie vieren\"}]},{\"@type\":\"WebSite\",\"@id\":\"https:\\\/\\\/www.belvilla.nl\\\/blog\\\/#website\",\"url\":\"https:\\\/\\\/www.belvilla.nl\\\/blog\\\/\",\"name\":\"Belvilla Blog NL\",\"description\":\"\",\"potentialAction\":[{\"@type\":\"SearchAction\",\"target\":{\"@type\":\"EntryPoint\",\"urlTemplate\":\"https:\\\/\\\/www.belvilla.nl\\\/blog\\\/?s={search_term_string}\"},\"query-input\":{\"@type\":\"PropertyValueSpecification\",\"valueRequired\":true,\"valueName\":\"search_term_string\"}}],\"inLanguage\":\"nl-NL\"},{\"@type\":\"Person\",\"@id\":\"https:\\\/\\\/www.belvilla.nl\\\/blog\\\/#\\\/schema\\\/person\\\/7a68da0f1f5100cf652f73311fea426f\",\"name\":\"Viktar\",\"image\":{\"@type\":\"ImageObject\",\"inLanguage\":\"nl-NL\",\"@id\":\"https:\\\/\\\/secure.gravatar.com\\\/avatar\\\/2769e1632bd460b1d7344ee3c118c77f263dd790438ee92c44c552e0e33630c0?s=96&d=mm&r=g\",\"url\":\"https:\\\/\\\/secure.gravatar.com\\\/avatar\\\/2769e1632bd460b1d7344ee3c118c77f263dd790438ee92c44c552e0e33630c0?s=96&d=mm&r=g\",\"contentUrl\":\"https:\\\/\\\/secure.gravatar.com\\\/avatar\\\/2769e1632bd460b1d7344ee3c118c77f263dd790438ee92c44c552e0e33630c0?s=96&d=mm&r=g\",\"caption\":\"Viktar\"},\"sameAs\":[\"https:\\\/\\\/oyomon.in\"]}]}<\/script>\n<!-- \/ Yoast SEO plugin. -->","yoast_head_json":{"title":"Fris en fruitig vakantie vieren | Belvilla Blog","description":"Belvilla geeft tips voor een vakantie in het teken van fruit. Geniet ook eens vanuit een fris en fruitig vakantiehuis van het lekkers van het land.","robots":{"index":"index","follow":"follow","max-snippet":"max-snippet:-1","max-image-preview":"max-image-preview:large","max-video-preview":"max-video-preview:-1"},"canonical":"https:\/\/www.belvilla.nl\/blog\/fris-en-fruitig-vakantie-vieren\/","og_locale":"nl_NL","og_type":"article","og_title":"Fris en fruitig vakantie vieren | Belvilla Blog","og_description":"Belvilla geeft tips voor een vakantie in het teken van fruit. Geniet ook eens vanuit een fris en fruitig vakantiehuis van het lekkers van het land.","og_url":"https:\/\/www.belvilla.nl\/blog\/fris-en-fruitig-vakantie-vieren\/","og_site_name":"Belvilla Blog NL","article_published_time":"2022-12-13T15:52:33+00:00","article_modified_time":"2023-10-22T11:19:05+00:00","og_image":[{"width":624,"height":416,"url":"https:\/\/www.belvilla.nl\/blog\/wp-content\/uploads\/sites\/6\/2015\/05\/fruit.jpg","type":"image\/jpeg"}],"author":"Viktar","twitter_card":"summary_large_image","twitter_misc":{"Geschreven door":"Viktar","Geschatte leestijd":"5 minuten"},"schema":{"@context":"https:\/\/schema.org","@graph":[{"@type":"Article","@id":"https:\/\/www.belvilla.nl\/blog\/fris-en-fruitig-vakantie-vieren\/#article","isPartOf":{"@id":"https:\/\/www.belvilla.nl\/blog\/fris-en-fruitig-vakantie-vieren\/"},"author":{"name":"Viktar","@id":"https:\/\/www.belvilla.nl\/blog\/#\/schema\/person\/7a68da0f1f5100cf652f73311fea426f"},"headline":"Fris en fruitig vakantie vieren","datePublished":"2022-12-13T15:52:33+00:00","dateModified":"2023-10-22T11:19:05+00:00","mainEntityOfPage":{"@id":"https:\/\/www.belvilla.nl\/blog\/fris-en-fruitig-vakantie-vieren\/"},"wordCount":1065,"commentCount":0,"image":{"@id":"https:\/\/www.belvilla.nl\/blog\/fris-en-fruitig-vakantie-vieren\/#primaryimage"},"thumbnailUrl":"https:\/\/www.belvilla.nl\/blog\/wp-content\/uploads\/sites\/6\/2015\/05\/fruit.jpg","articleSection":["Algemeen","Belgi\u00eb","Duitsland","Frankrijk","Griekenland","Inspiratie","Itali\u00eb","Nederland","Oostenrijk","Portugal","Spanje","Trends","Tsjechi\u00eb","Vakantiehuizen","Zweden"],"inLanguage":"nl-NL","potentialAction":[{"@type":"CommentAction","name":"Comment","target":["https:\/\/www.belvilla.nl\/blog\/fris-en-fruitig-vakantie-vieren\/#respond"]}]},{"@type":"WebPage","@id":"https:\/\/www.belvilla.nl\/blog\/fris-en-fruitig-vakantie-vieren\/","url":"https:\/\/www.belvilla.nl\/blog\/fris-en-fruitig-vakantie-vieren\/","name":"Fris en fruitig vakantie vieren | Belvilla Blog","isPartOf":{"@id":"https:\/\/www.belvilla.nl\/blog\/#website"},"primaryImageOfPage":{"@id":"https:\/\/www.belvilla.nl\/blog\/fris-en-fruitig-vakantie-vieren\/#primaryimage"},"image":{"@id":"https:\/\/www.belvilla.nl\/blog\/fris-en-fruitig-vakantie-vieren\/#primaryimage"},"thumbnailUrl":"https:\/\/www.belvilla.nl\/blog\/wp-content\/uploads\/sites\/6\/2015\/05\/fruit.jpg","datePublished":"2022-12-13T15:52:33+00:00","dateModified":"2023-10-22T11:19:05+00:00","author":{"@id":"https:\/\/www.belvilla.nl\/blog\/#\/schema\/person\/7a68da0f1f5100cf652f73311fea426f"},"description":"Belvilla geeft tips voor een vakantie in het teken van fruit. Geniet ook eens vanuit een fris en fruitig vakantiehuis van het lekkers van het land.","breadcrumb":{"@id":"https:\/\/www.belvilla.nl\/blog\/fris-en-fruitig-vakantie-vieren\/#breadcrumb"},"inLanguage":"nl-NL","potentialAction":[{"@type":"ReadAction","target":["https:\/\/www.belvilla.nl\/blog\/fris-en-fruitig-vakantie-vieren\/"]}]},{"@type":"ImageObject","inLanguage":"nl-NL","@id":"https:\/\/www.belvilla.nl\/blog\/fris-en-fruitig-vakantie-vieren\/#primaryimage","url":"https:\/\/www.belvilla.nl\/blog\/wp-content\/uploads\/sites\/6\/2015\/05\/fruit.jpg","contentUrl":"https:\/\/www.belvilla.nl\/blog\/wp-content\/uploads\/sites\/6\/2015\/05\/fruit.jpg","width":624,"height":416},{"@type":"BreadcrumbList","@id":"https:\/\/www.belvilla.nl\/blog\/fris-en-fruitig-vakantie-vieren\/#breadcrumb","itemListElement":[{"@type":"ListItem","position":1,"name":"Home","item":"https:\/\/www.belvilla.nl\/blog\/"},{"@type":"ListItem","position":2,"name":"Fris en fruitig vakantie vieren"}]},{"@type":"WebSite","@id":"https:\/\/www.belvilla.nl\/blog\/#website","url":"https:\/\/www.belvilla.nl\/blog\/","name":"Belvilla Blog NL","description":"","potentialAction":[{"@type":"SearchAction","target":{"@type":"EntryPoint","urlTemplate":"https:\/\/www.belvilla.nl\/blog\/?s={search_term_string}"},"query-input":{"@type":"PropertyValueSpecification","valueRequired":true,"valueName":"search_term_string"}}],"inLanguage":"nl-NL"},{"@type":"Person","@id":"https:\/\/www.belvilla.nl\/blog\/#\/schema\/person\/7a68da0f1f5100cf652f73311fea426f","name":"Viktar","image":{"@type":"ImageObject","inLanguage":"nl-NL","@id":"https:\/\/secure.gravatar.com\/avatar\/2769e1632bd460b1d7344ee3c118c77f263dd790438ee92c44c552e0e33630c0?s=96&d=mm&r=g","url":"https:\/\/secure.gravatar.com\/avatar\/2769e1632bd460b1d7344ee3c118c77f263dd790438ee92c44c552e0e33630c0?s=96&d=mm&r=g","contentUrl":"https:\/\/secure.gravatar.com\/avatar\/2769e1632bd460b1d7344ee3c118c77f263dd790438ee92c44c552e0e33630c0?s=96&d=mm&r=g","caption":"Viktar"},"sameAs":["https:\/\/oyomon.in"]}]}},"_links":{"self":[{"href":"https:\/\/www.belvilla.nl\/blog\/wp-json\/wp\/v2\/posts\/8594","targetHints":{"allow":["GET"]}}],"collection":[{"href":"https:\/\/www.belvilla.nl\/blog\/wp-json\/wp\/v2\/posts"}],"about":[{"href":"https:\/\/www.belvilla.nl\/blog\/wp-json\/wp\/v2\/types\/post"}],"author":[{"embeddable":true,"href":"https:\/\/www.belvilla.nl\/blog\/wp-json\/wp\/v2\/users\/1"}],"replies":[{"embeddable":true,"href":"https:\/\/www.belvilla.nl\/blog\/wp-json\/wp\/v2\/comments?post=8594"}],"version-history":[{"count":3,"href":"https:\/\/www.belvilla.nl\/blog\/wp-json\/wp\/v2\/posts\/8594\/revisions"}],"predecessor-version":[{"id":13354,"href":"https:\/\/www.belvilla.nl\/blog\/wp-json\/wp\/v2\/posts\/8594\/revisions\/13354"}],"wp:featuredmedia":[{"embeddable":true,"href":"https:\/\/www.belvilla.nl\/blog\/wp-json\/wp\/v2\/media\/8595"}],"wp:attachment":[{"href":"https:\/\/www.belvilla.nl\/blog\/wp-json\/wp\/v2\/media?parent=8594"}],"wp:term":[{"taxonomy":"category","embeddable":true,"href":"https:\/\/www.belvilla.nl\/blog\/wp-json\/wp\/v2\/categories?post=8594"},{"taxonomy":"post_tag","embeddable":true,"href":"https:\/\/www.belvilla.nl\/blog\/wp-json\/wp\/v2\/tags?post=8594"},{"taxonomy":"location","embeddable":true,"href":"https:\/\/www.belvilla.nl\/blog\/wp-json\/wp\/v2\/location?post=8594"}],"curies":[{"name":"wp","href":"https:\/\/api.w.org\/{rel}","templated":true}]}}