{"id":8213,"date":"2013-06-13T00:00:00","date_gmt":"2022-12-13T15:53:48","guid":{"rendered":"https:\/\/www.belvilla.nl\/blog\/?p=8213"},"modified":"2023-10-22T10:17:54","modified_gmt":"2023-10-22T10:17:54","slug":"opnames-wallonie-voor-lekkerbekken-met-kok-christer-elfving","status":"publish","type":"post","link":"https:\/\/www.belvilla.nl\/blog\/opnames-wallonie-voor-lekkerbekken-met-kok-christer-elfving\/","title":{"rendered":"Televisie-opnames met kok Christer Elfving"},"content":{"rendered":"\n<div id=\"attachment_1705\" style=\"width: 288px\" class=\"wp-caption alignright\"><a href=\"https:\/\/www.belvilla.nl\/blog\/wp-content\/uploads\/2013\/06\/TV-ploeg-en-Christer-Elfving-voor-Chateauferme-sur-les-Sarts_2_Belvilla_verkleind.jpg\" data-rel=\"lightbox-image-0\" data-rl_title=\"\" data-rl_caption=\"\" title=\"\"><img loading=\"lazy\" decoding=\"async\" src=\"https:\/\/www.belvilla.nl\/blog\/wp-content\/uploads\/sites\/6\/2013\/06\/TV-ploeg-en-Christer-Elfving-voor-Chateauferme-sur-les-Sarts_2_Belvilla_verkleind.jpg\" alt=\"Landhuis Domaine L&#039;Air du Temps heeft een Proven\u00e7aals tintje\" title=\"Landhuis Domaine L &#039;Air du Temps heeft een Provencaals tintje\" width=\"567\" height=\"378\" class=\"aligncenter size-medium wp-image-8210\" \/><\/a><\/p>\n<p id=\"caption-attachment-1705\" class=\"wp-caption-text\">Christer Elfving voor de camera bij de ingang van <a href=\"https:\/\/www.belvilla.nl\/blog\/vakantiehuis-met-privezwembad\/\">vakantiehuis<\/a> Chateauferme sur les Sarts<\/p>\n<\/div>\n<h3>Smaakvolle vakantiewoningen van Belvilla als decor<\/h3>\n<p>Walloni\u00eb valt bij vele mensen gastronomisch in de smaak. Het is dan ook met reden dat het verkeersbureau Walloni\u00eb-Brussel Toerisme\u00a0het televisieprogramma\u00a0\u2018Pottenkijker\u2019 maakt, waarin streekgerechten van de Ardennen centraal staan.\u00a0Kok Christer Elfving, bekend van &#8216;Masterchef&#8217;, neemt je als pottenkijker mee en laat je proeven van een heerlijk Walloni\u00eb. Hij ging met een televisieploeg op pad en bezocht daarbij onder meer een monumentale kasteelhoeve van Belvilla. Prikkel je zintuigen en proef mee van de rijke Waalse keuken vanuit \u00e9\u00e9n van de smaakvolle vakantiewoningen van Belvilla.<span id=\"more-1699\"><\/span><\/p>\n<h4>De schilderachtige Condroz<\/h4>\n<p>Christer Elfving verkende de Condrozregio vanuit de <a title=\"Vakantiehuis Chateau-Ferme sur les Sarts in Ohey huren bij Belvilla\" href=\"https:\/\/www.belvilla.nl\/vakantiehuizen\/ohey-15-personen-BE-5352-02\" target=\"_blank\" rel=\"noopener\">groepswoning Chateau-Ferme sur les Sarts<\/a> te Ohey. De Condroz is een streek die zich uitstrekt over diverse Waalse provincies. Het gebied kenmerkt zich door bossen, heide, akkers, kronkelende beekjes en schilderachtige dorpjes in veelal grijs kalksteen.<\/p>\n<p>Christer Elfving stapte op de railbike bij Fala\u00ebn en bewonderde op deze originele wijze de omgeving van de Molign\u00e9evallei. De speciaal gebouwde fietsen gaan over een oud spoortraject. In Jambes, een stadsdeel van Namen, maakte hij een boottochtje en genoot in een gezellig restaurant ter plaatse van aardbeien en rabarber. Onderweg naar het vakantiehuis maakte hij nog een tussenstop om langs de kant van de weg bij W\u00e9pion aardbeien te kopen. Op de hoger gelegen oevers van dit dorp langs de Maas is de grond zeer geschikt voor aardbeienteelt, wat resulteert in de beroemde Fraises de W\u00e9pion. Er is hier zelfs een aardbeienmuseum en tijdens het eerste weekend van september viert het dorp het Feest van de Aardbei.<\/p>\n<h4>Topkok Christer Elfving in de vakantiehuiskeuken<\/h4>\n<div id=\"attachment_1706\" style=\"width: 237px\" class=\"wp-caption alignright\"><a href=\"https:\/\/www.belvilla.nl\/vakantiehuizen\/ohey-15-personen-BE-5352-02\" target=\"_blank\" rel=\"noopener\"><img loading=\"lazy\" decoding=\"async\" src=\"https:\/\/www.belvilla.nl\/blog\/wp-content\/uploads\/sites\/6\/2013\/06\/Christer-Elfving-maakt-rossini-cocktail-in-Chateauferme-sur-les-Sarts_Belvilla_verkleind.jpg\" alt=\"Landhuis Domaine L&#039;Air du Temps heeft een Proven\u00e7aals tintje\" title=\"Landhuis Domaine L &#039;Air du Temps heeft een Provencaals tintje\" width=\"378\" height=\"567\" class=\"aligncenter size-medium wp-image-8211\" \/><\/a><\/p>\n<p id=\"caption-attachment-1706\" class=\"wp-caption-text\">Topkok Christer Elfving duikt de keuken in van vakantiehuis Chateauferme sur les Sarts<\/p>\n<\/div>\n<p>Bij thuiskomst dook de van oorsprong Zweedse topkok Christer Elfving de keuken in van het <a title=\"Vakantiehuis Chateau-Ferme sur les Sarts in Ohey huren bij Belvilla\" href=\"https:\/\/www.belvilla.nl\/vakantiehuizen\/ohey-15-personen-BE-5352-02\" target=\"_blank\" rel=\"noopener\">groepshuis Chateau-Ferme sur les Sarts<\/a>. Hij bereidde met de beroemde aardbeien uit W\u00e9pion een heerlijke aardbeiensalsa, die hij later heel simpel verwerkte in een frisse Rossini cocktail. Het enige wat je hoeft te doen, is twee eetlepels gezeefde aardbeienpulp aan te vullen met prosecco of cava. Een ideaal vakantierecept dus!<\/p>\n<p>De monumentale kasteelboerderij Chateauferme sur les Sarts kun je als groepshuis huren voor <a title=\"Vakantiehuis Chateau-Ferme sur les Sarts in Ohey huren bij Belvilla\" href=\"https:\/\/www.belvilla.nl\/vakantiehuizen\/ohey-15-personen-BE-5352-02\" target=\"_blank\" rel=\"noopener\">twintig personen<\/a>. De vakantiewoning is zeer smaakvol ingericht en heeft zelfs in het <a title=\"Binnenkijken bij Chateau-Ferme sur les Sarts via een artikel in het woonmagazine Wonen Landelijke Stijl\" href=\"https:\/\/www.belvilla.nl\/pers\/publicaties\/2012-08_chateauferme-sur-les-sarts_wonen-landelijke-stijl_ov.pdf\" target=\"_blank\" rel=\"noopener\">woonmagazine Wonen Landelijke Stijl<\/a> gestaan. De tuin biedt een zwembad met poolhouse voor een heerlijk luxe gevoel. Dit is een fijn logeeradres voor een ontspannen weekend met vrienden of familie, maar ook voor zakelijke bijeenkomsten kun je hier prima terecht.<\/p>\n<h4>Nog meer smaakvolle vakantiewoningen in de Condroz<\/h4>\n<div id=\"attachment_1708\" style=\"width: 350px\" class=\"wp-caption alignleft\"><a href=\"https:\/\/www.belvilla.nl\/zoeken\/?unavailable=1\" target=\"_blank\" rel=\"noopener\"><img loading=\"lazy\" decoding=\"async\" src=\"https:\/\/www.belvilla.nl\/blog\/wp-content\/uploads\/sites\/6\/2013\/06\/Provencaals-tintje-in-landhuis-Domaine-LAir-du-Temps_BE-5353-01_Belvilla_verkleind.jpg\" alt=\"Landhuis Domaine L&#039;Air du Temps heeft een Proven\u00e7aals tintje\" title=\"Landhuis Domaine L &#039;Air du Temps heeft een Provencaals tintje\" width=\"567\" height=\"378\" class=\"aligncenter size-medium wp-image-8212\" \/><\/a><\/p>\n<p id=\"caption-attachment-1708\" class=\"wp-caption-text\">Landhuis Domaine L&#8217;Air du Temps heeft een Proven\u00e7aals tintje<\/p>\n<\/div>\n<p>Belvilla biedt diverse <a title=\"Vakantiehuis huren in de Condroz | Belvilla vakantiehuizen\" href=\"https:\/\/www.belvilla.nl\/zoeken\/?fts=*condroz*&amp;orgkw=*condroz*\" target=\"_blank\" rel=\"noopener\">vakantiewoningen in de Condroz<\/a>. Zo kun je bijvoorbeeld ook kiezen voor een landhuis uit 1770 dat nu een plaats heeft verworven in de <a title=\"Belvilla Elite Collection | Belvilla vakantiehuizen\" href=\"https:\/\/www.belvilla.nl\/belvilla-exclusive\" target=\"_blank\" rel=\"noopener\">Belvilla Elite Collection<\/a>. De <a title=\"Landhuis Domaine L'Air du Temps in Ohey (Goesnes) huren bij Belvilla\" href=\"https:\/\/www.belvilla.nl\/zoeken\/?unavailable=1\" target=\"_blank\" rel=\"noopener\">luxe vakantiewoning Domaine L&#8217;Air du Temps<\/a> is prachtig gerenoveerd en weet door de landelijke, witte inrichting een vleugje van de Provence mee te geven aan je verblijf. Met een zeer grote groep tot veertig persoon kun je <a title=\"Landhuis Villa Mosa in Wanze huren bij Belvilla\" href=\"https:\/\/www.belvilla.nl\/vakantiehuizen\/luxe-landhuis-wanze-40-personen-BE-4520-01\" target=\"_blank\" rel=\"noopener\">verblijven in Villa Mosa<\/a>. Dit is een landhuis vol authenticiteit en luxe. Je verblijft op een priv\u00e9-park van \u00e9\u00e9n hectare met een tennisterrein en een verwarmd binnenzwembad, waar een sauna,\u00a0dakterras en buitenterras je opwachten. Of wat denk je van het <a title=\"Cottage\/G\u00eete La Maison au Ruisseau in Clavier, Les Avins huren bij Belvilla\" href=\"https:\/\/www.belvilla.nl\/zoeken\/?unavailable=1\" target=\"_blank\" rel=\"noopener\">vierpersoonsvakantiehuis &#8216;La Maison au Ruisseau\u2019<\/a> dat inderdaad aan een stromend beekje ligt?<\/p>\n<h4>Uitzending \u2018Pottenkijker\u2019 in de Condroz<\/h4>\n<p>Dit item van \u2018Pottenkijkers\u2019 over de Condroz is reeds op zaterdag 15 en zondag 16 juni 2013\u00a0uitgezonden. Woon je in de regio Antwerpen? Dan kun\u00a0je de uitzending\u00a0alsnog kijken\u00a0op zaterdag 17 mei 2014 op ATV. Natuurlijk laten we je graag de uitzending zien, dus ook op onze blog neemt kok Christer Elfving je mee als pottenkijker:<\/p>\n[youtube=https:\/\/www.youtube.com\/watch?v=IrU8QTOLRyk&amp;w=480&amp;h=360]\n<p>&nbsp;<\/p>\n","protected":false},"excerpt":{"rendered":"<p>Christer Elfving voor de camera bij de ingang van vakantiehuis Chateauferme sur les Sarts Smaakvolle vakantiewoningen van Belvilla als decor&hellip;<\/p>\n","protected":false},"author":1,"featured_media":8214,"comment_status":"open","ping_status":"open","sticky":false,"template":"","format":"standard","meta":{"footnotes":""},"categories":[95,130,106,110,121,107,132,93,133,109,99,131,145],"tags":[],"location":[],"class_list":["post-8213","post","type-post","status-publish","format-standard","has-post-thumbnail","hentry","category-algemeen","category-ardennen","category-belgie","category-belvilla-exclusive","category-binnenkijken-bij","category-duitsland","category-gastblog","category-inspiratie","category-met-een-groep","category-nederland","category-oostenrijk","category-vakantiehuizen","category-vergaderlocaties"],"acf":[],"yoast_head":"<!-- This site is optimized with the Yoast SEO plugin v27.5 - https:\/\/yoast.com\/product\/yoast-seo-wordpress\/ -->\n<title>Opnames &#039;Pottenkijker&#039; met kok Christer Elfving<\/title>\n<meta name=\"description\" content=\"Tijdens de tv-opnames van &#039;Pottenkijker&#039; dook kok Christer Elfving de keuken in van Belvilla-vakantiehuis Chateauferme sur les Sarts in de Condroz.\" \/>\n<meta name=\"robots\" content=\"index, follow, max-snippet:-1, max-image-preview:large, max-video-preview:-1\" \/>\n<link rel=\"canonical\" href=\"https:\/\/www.belvilla.nl\/blog\/opnames-wallonie-voor-lekkerbekken-met-kok-christer-elfving\/\" \/>\n<meta property=\"og:locale\" content=\"nl_NL\" \/>\n<meta property=\"og:type\" content=\"article\" \/>\n<meta property=\"og:title\" content=\"Opnames &#039;Pottenkijker&#039; met kok Christer Elfving\" \/>\n<meta property=\"og:description\" content=\"Tijdens de tv-opnames van &#039;Pottenkijker&#039; dook kok Christer Elfving de keuken in van Belvilla-vakantiehuis Chateauferme sur les Sarts in de Condroz.\" \/>\n<meta property=\"og:url\" content=\"https:\/\/www.belvilla.nl\/blog\/opnames-wallonie-voor-lekkerbekken-met-kok-christer-elfving\/\" \/>\n<meta property=\"og:site_name\" content=\"Belvilla Blog NL\" \/>\n<meta property=\"article:published_time\" content=\"2022-12-13T15:53:48+00:00\" \/>\n<meta property=\"article:modified_time\" content=\"2023-10-22T10:17:54+00:00\" \/>\n<meta property=\"og:image\" content=\"https:\/\/www.belvilla.nl\/blog\/wp-content\/uploads\/sites\/6\/2013\/06\/TV-ploeg-en-Christer-Elfving-voor-Chateauferme-sur-les-Sarts_2_Belvilla_verkleind-1.jpg\" \/>\n\t<meta property=\"og:image:width\" content=\"567\" \/>\n\t<meta property=\"og:image:height\" content=\"378\" \/>\n\t<meta property=\"og:image:type\" content=\"image\/jpeg\" \/>\n<meta name=\"author\" content=\"Viktar\" \/>\n<meta name=\"twitter:card\" content=\"summary_large_image\" \/>\n<meta name=\"twitter:label1\" content=\"Geschreven door\" \/>\n\t<meta name=\"twitter:data1\" content=\"Viktar\" \/>\n\t<meta name=\"twitter:label2\" content=\"Geschatte leestijd\" \/>\n\t<meta name=\"twitter:data2\" content=\"3 minuten\" \/>\n<script type=\"application\/ld+json\" class=\"yoast-schema-graph\">{\"@context\":\"https:\\\/\\\/schema.org\",\"@graph\":[{\"@type\":\"Article\",\"@id\":\"https:\\\/\\\/www.belvilla.nl\\\/blog\\\/opnames-wallonie-voor-lekkerbekken-met-kok-christer-elfving\\\/#article\",\"isPartOf\":{\"@id\":\"https:\\\/\\\/www.belvilla.nl\\\/blog\\\/opnames-wallonie-voor-lekkerbekken-met-kok-christer-elfving\\\/\"},\"author\":{\"name\":\"Viktar\",\"@id\":\"https:\\\/\\\/www.belvilla.nl\\\/blog\\\/#\\\/schema\\\/person\\\/7a68da0f1f5100cf652f73311fea426f\"},\"headline\":\"Televisie-opnames met kok Christer Elfving\",\"datePublished\":\"2022-12-13T15:53:48+00:00\",\"dateModified\":\"2023-10-22T10:17:54+00:00\",\"mainEntityOfPage\":{\"@id\":\"https:\\\/\\\/www.belvilla.nl\\\/blog\\\/opnames-wallonie-voor-lekkerbekken-met-kok-christer-elfving\\\/\"},\"wordCount\":643,\"commentCount\":0,\"image\":{\"@id\":\"https:\\\/\\\/www.belvilla.nl\\\/blog\\\/opnames-wallonie-voor-lekkerbekken-met-kok-christer-elfving\\\/#primaryimage\"},\"thumbnailUrl\":\"https:\\\/\\\/www.belvilla.nl\\\/blog\\\/wp-content\\\/uploads\\\/sites\\\/6\\\/2013\\\/06\\\/TV-ploeg-en-Christer-Elfving-voor-Chateauferme-sur-les-Sarts_2_Belvilla_verkleind-1.jpg\",\"articleSection\":[\"Algemeen\",\"Ardennen\",\"Belgi\u00eb\",\"Belvilla Exclusive\",\"Binnenkijken bij\",\"Duitsland\",\"Gastblog\",\"Inspiratie\",\"Met een groep\",\"Nederland\",\"Oostenrijk\",\"Vakantiehuizen\",\"Vergaderlocaties\"],\"inLanguage\":\"nl-NL\",\"potentialAction\":[{\"@type\":\"CommentAction\",\"name\":\"Comment\",\"target\":[\"https:\\\/\\\/www.belvilla.nl\\\/blog\\\/opnames-wallonie-voor-lekkerbekken-met-kok-christer-elfving\\\/#respond\"]}]},{\"@type\":\"WebPage\",\"@id\":\"https:\\\/\\\/www.belvilla.nl\\\/blog\\\/opnames-wallonie-voor-lekkerbekken-met-kok-christer-elfving\\\/\",\"url\":\"https:\\\/\\\/www.belvilla.nl\\\/blog\\\/opnames-wallonie-voor-lekkerbekken-met-kok-christer-elfving\\\/\",\"name\":\"Opnames &#039;Pottenkijker&#039; met kok Christer Elfving\",\"isPartOf\":{\"@id\":\"https:\\\/\\\/www.belvilla.nl\\\/blog\\\/#website\"},\"primaryImageOfPage\":{\"@id\":\"https:\\\/\\\/www.belvilla.nl\\\/blog\\\/opnames-wallonie-voor-lekkerbekken-met-kok-christer-elfving\\\/#primaryimage\"},\"image\":{\"@id\":\"https:\\\/\\\/www.belvilla.nl\\\/blog\\\/opnames-wallonie-voor-lekkerbekken-met-kok-christer-elfving\\\/#primaryimage\"},\"thumbnailUrl\":\"https:\\\/\\\/www.belvilla.nl\\\/blog\\\/wp-content\\\/uploads\\\/sites\\\/6\\\/2013\\\/06\\\/TV-ploeg-en-Christer-Elfving-voor-Chateauferme-sur-les-Sarts_2_Belvilla_verkleind-1.jpg\",\"datePublished\":\"2022-12-13T15:53:48+00:00\",\"dateModified\":\"2023-10-22T10:17:54+00:00\",\"author\":{\"@id\":\"https:\\\/\\\/www.belvilla.nl\\\/blog\\\/#\\\/schema\\\/person\\\/7a68da0f1f5100cf652f73311fea426f\"},\"description\":\"Tijdens de tv-opnames van &#039;Pottenkijker&#039; dook kok Christer Elfving de keuken in van Belvilla-vakantiehuis Chateauferme sur les Sarts in de Condroz.\",\"breadcrumb\":{\"@id\":\"https:\\\/\\\/www.belvilla.nl\\\/blog\\\/opnames-wallonie-voor-lekkerbekken-met-kok-christer-elfving\\\/#breadcrumb\"},\"inLanguage\":\"nl-NL\",\"potentialAction\":[{\"@type\":\"ReadAction\",\"target\":[\"https:\\\/\\\/www.belvilla.nl\\\/blog\\\/opnames-wallonie-voor-lekkerbekken-met-kok-christer-elfving\\\/\"]}]},{\"@type\":\"ImageObject\",\"inLanguage\":\"nl-NL\",\"@id\":\"https:\\\/\\\/www.belvilla.nl\\\/blog\\\/opnames-wallonie-voor-lekkerbekken-met-kok-christer-elfving\\\/#primaryimage\",\"url\":\"https:\\\/\\\/www.belvilla.nl\\\/blog\\\/wp-content\\\/uploads\\\/sites\\\/6\\\/2013\\\/06\\\/TV-ploeg-en-Christer-Elfving-voor-Chateauferme-sur-les-Sarts_2_Belvilla_verkleind-1.jpg\",\"contentUrl\":\"https:\\\/\\\/www.belvilla.nl\\\/blog\\\/wp-content\\\/uploads\\\/sites\\\/6\\\/2013\\\/06\\\/TV-ploeg-en-Christer-Elfving-voor-Chateauferme-sur-les-Sarts_2_Belvilla_verkleind-1.jpg\",\"width\":567,\"height\":378},{\"@type\":\"BreadcrumbList\",\"@id\":\"https:\\\/\\\/www.belvilla.nl\\\/blog\\\/opnames-wallonie-voor-lekkerbekken-met-kok-christer-elfving\\\/#breadcrumb\",\"itemListElement\":[{\"@type\":\"ListItem\",\"position\":1,\"name\":\"Home\",\"item\":\"https:\\\/\\\/www.belvilla.nl\\\/blog\\\/\"},{\"@type\":\"ListItem\",\"position\":2,\"name\":\"Televisie-opnames met kok Christer Elfving\"}]},{\"@type\":\"WebSite\",\"@id\":\"https:\\\/\\\/www.belvilla.nl\\\/blog\\\/#website\",\"url\":\"https:\\\/\\\/www.belvilla.nl\\\/blog\\\/\",\"name\":\"Belvilla Blog NL\",\"description\":\"\",\"potentialAction\":[{\"@type\":\"SearchAction\",\"target\":{\"@type\":\"EntryPoint\",\"urlTemplate\":\"https:\\\/\\\/www.belvilla.nl\\\/blog\\\/?s={search_term_string}\"},\"query-input\":{\"@type\":\"PropertyValueSpecification\",\"valueRequired\":true,\"valueName\":\"search_term_string\"}}],\"inLanguage\":\"nl-NL\"},{\"@type\":\"Person\",\"@id\":\"https:\\\/\\\/www.belvilla.nl\\\/blog\\\/#\\\/schema\\\/person\\\/7a68da0f1f5100cf652f73311fea426f\",\"name\":\"Viktar\",\"image\":{\"@type\":\"ImageObject\",\"inLanguage\":\"nl-NL\",\"@id\":\"https:\\\/\\\/secure.gravatar.com\\\/avatar\\\/2769e1632bd460b1d7344ee3c118c77f263dd790438ee92c44c552e0e33630c0?s=96&d=mm&r=g\",\"url\":\"https:\\\/\\\/secure.gravatar.com\\\/avatar\\\/2769e1632bd460b1d7344ee3c118c77f263dd790438ee92c44c552e0e33630c0?s=96&d=mm&r=g\",\"contentUrl\":\"https:\\\/\\\/secure.gravatar.com\\\/avatar\\\/2769e1632bd460b1d7344ee3c118c77f263dd790438ee92c44c552e0e33630c0?s=96&d=mm&r=g\",\"caption\":\"Viktar\"},\"sameAs\":[\"https:\\\/\\\/oyomon.in\"]}]}<\/script>\n<!-- \/ Yoast SEO plugin. -->","yoast_head_json":{"title":"Opnames &#039;Pottenkijker&#039; met kok Christer Elfving","description":"Tijdens de tv-opnames van &#039;Pottenkijker&#039; dook kok Christer Elfving de keuken in van Belvilla-vakantiehuis Chateauferme sur les Sarts in de Condroz.","robots":{"index":"index","follow":"follow","max-snippet":"max-snippet:-1","max-image-preview":"max-image-preview:large","max-video-preview":"max-video-preview:-1"},"canonical":"https:\/\/www.belvilla.nl\/blog\/opnames-wallonie-voor-lekkerbekken-met-kok-christer-elfving\/","og_locale":"nl_NL","og_type":"article","og_title":"Opnames &#039;Pottenkijker&#039; met kok Christer Elfving","og_description":"Tijdens de tv-opnames van &#039;Pottenkijker&#039; dook kok Christer Elfving de keuken in van Belvilla-vakantiehuis Chateauferme sur les Sarts in de Condroz.","og_url":"https:\/\/www.belvilla.nl\/blog\/opnames-wallonie-voor-lekkerbekken-met-kok-christer-elfving\/","og_site_name":"Belvilla Blog NL","article_published_time":"2022-12-13T15:53:48+00:00","article_modified_time":"2023-10-22T10:17:54+00:00","og_image":[{"width":567,"height":378,"url":"https:\/\/www.belvilla.nl\/blog\/wp-content\/uploads\/sites\/6\/2013\/06\/TV-ploeg-en-Christer-Elfving-voor-Chateauferme-sur-les-Sarts_2_Belvilla_verkleind-1.jpg","type":"image\/jpeg"}],"author":"Viktar","twitter_card":"summary_large_image","twitter_misc":{"Geschreven door":"Viktar","Geschatte leestijd":"3 minuten"},"schema":{"@context":"https:\/\/schema.org","@graph":[{"@type":"Article","@id":"https:\/\/www.belvilla.nl\/blog\/opnames-wallonie-voor-lekkerbekken-met-kok-christer-elfving\/#article","isPartOf":{"@id":"https:\/\/www.belvilla.nl\/blog\/opnames-wallonie-voor-lekkerbekken-met-kok-christer-elfving\/"},"author":{"name":"Viktar","@id":"https:\/\/www.belvilla.nl\/blog\/#\/schema\/person\/7a68da0f1f5100cf652f73311fea426f"},"headline":"Televisie-opnames met kok Christer Elfving","datePublished":"2022-12-13T15:53:48+00:00","dateModified":"2023-10-22T10:17:54+00:00","mainEntityOfPage":{"@id":"https:\/\/www.belvilla.nl\/blog\/opnames-wallonie-voor-lekkerbekken-met-kok-christer-elfving\/"},"wordCount":643,"commentCount":0,"image":{"@id":"https:\/\/www.belvilla.nl\/blog\/opnames-wallonie-voor-lekkerbekken-met-kok-christer-elfving\/#primaryimage"},"thumbnailUrl":"https:\/\/www.belvilla.nl\/blog\/wp-content\/uploads\/sites\/6\/2013\/06\/TV-ploeg-en-Christer-Elfving-voor-Chateauferme-sur-les-Sarts_2_Belvilla_verkleind-1.jpg","articleSection":["Algemeen","Ardennen","Belgi\u00eb","Belvilla Exclusive","Binnenkijken bij","Duitsland","Gastblog","Inspiratie","Met een groep","Nederland","Oostenrijk","Vakantiehuizen","Vergaderlocaties"],"inLanguage":"nl-NL","potentialAction":[{"@type":"CommentAction","name":"Comment","target":["https:\/\/www.belvilla.nl\/blog\/opnames-wallonie-voor-lekkerbekken-met-kok-christer-elfving\/#respond"]}]},{"@type":"WebPage","@id":"https:\/\/www.belvilla.nl\/blog\/opnames-wallonie-voor-lekkerbekken-met-kok-christer-elfving\/","url":"https:\/\/www.belvilla.nl\/blog\/opnames-wallonie-voor-lekkerbekken-met-kok-christer-elfving\/","name":"Opnames &#039;Pottenkijker&#039; met kok Christer Elfving","isPartOf":{"@id":"https:\/\/www.belvilla.nl\/blog\/#website"},"primaryImageOfPage":{"@id":"https:\/\/www.belvilla.nl\/blog\/opnames-wallonie-voor-lekkerbekken-met-kok-christer-elfving\/#primaryimage"},"image":{"@id":"https:\/\/www.belvilla.nl\/blog\/opnames-wallonie-voor-lekkerbekken-met-kok-christer-elfving\/#primaryimage"},"thumbnailUrl":"https:\/\/www.belvilla.nl\/blog\/wp-content\/uploads\/sites\/6\/2013\/06\/TV-ploeg-en-Christer-Elfving-voor-Chateauferme-sur-les-Sarts_2_Belvilla_verkleind-1.jpg","datePublished":"2022-12-13T15:53:48+00:00","dateModified":"2023-10-22T10:17:54+00:00","author":{"@id":"https:\/\/www.belvilla.nl\/blog\/#\/schema\/person\/7a68da0f1f5100cf652f73311fea426f"},"description":"Tijdens de tv-opnames van &#039;Pottenkijker&#039; dook kok Christer Elfving de keuken in van Belvilla-vakantiehuis Chateauferme sur les Sarts in de Condroz.","breadcrumb":{"@id":"https:\/\/www.belvilla.nl\/blog\/opnames-wallonie-voor-lekkerbekken-met-kok-christer-elfving\/#breadcrumb"},"inLanguage":"nl-NL","potentialAction":[{"@type":"ReadAction","target":["https:\/\/www.belvilla.nl\/blog\/opnames-wallonie-voor-lekkerbekken-met-kok-christer-elfving\/"]}]},{"@type":"ImageObject","inLanguage":"nl-NL","@id":"https:\/\/www.belvilla.nl\/blog\/opnames-wallonie-voor-lekkerbekken-met-kok-christer-elfving\/#primaryimage","url":"https:\/\/www.belvilla.nl\/blog\/wp-content\/uploads\/sites\/6\/2013\/06\/TV-ploeg-en-Christer-Elfving-voor-Chateauferme-sur-les-Sarts_2_Belvilla_verkleind-1.jpg","contentUrl":"https:\/\/www.belvilla.nl\/blog\/wp-content\/uploads\/sites\/6\/2013\/06\/TV-ploeg-en-Christer-Elfving-voor-Chateauferme-sur-les-Sarts_2_Belvilla_verkleind-1.jpg","width":567,"height":378},{"@type":"BreadcrumbList","@id":"https:\/\/www.belvilla.nl\/blog\/opnames-wallonie-voor-lekkerbekken-met-kok-christer-elfving\/#breadcrumb","itemListElement":[{"@type":"ListItem","position":1,"name":"Home","item":"https:\/\/www.belvilla.nl\/blog\/"},{"@type":"ListItem","position":2,"name":"Televisie-opnames met kok Christer Elfving"}]},{"@type":"WebSite","@id":"https:\/\/www.belvilla.nl\/blog\/#website","url":"https:\/\/www.belvilla.nl\/blog\/","name":"Belvilla Blog NL","description":"","potentialAction":[{"@type":"SearchAction","target":{"@type":"EntryPoint","urlTemplate":"https:\/\/www.belvilla.nl\/blog\/?s={search_term_string}"},"query-input":{"@type":"PropertyValueSpecification","valueRequired":true,"valueName":"search_term_string"}}],"inLanguage":"nl-NL"},{"@type":"Person","@id":"https:\/\/www.belvilla.nl\/blog\/#\/schema\/person\/7a68da0f1f5100cf652f73311fea426f","name":"Viktar","image":{"@type":"ImageObject","inLanguage":"nl-NL","@id":"https:\/\/secure.gravatar.com\/avatar\/2769e1632bd460b1d7344ee3c118c77f263dd790438ee92c44c552e0e33630c0?s=96&d=mm&r=g","url":"https:\/\/secure.gravatar.com\/avatar\/2769e1632bd460b1d7344ee3c118c77f263dd790438ee92c44c552e0e33630c0?s=96&d=mm&r=g","contentUrl":"https:\/\/secure.gravatar.com\/avatar\/2769e1632bd460b1d7344ee3c118c77f263dd790438ee92c44c552e0e33630c0?s=96&d=mm&r=g","caption":"Viktar"},"sameAs":["https:\/\/oyomon.in"]}]}},"_links":{"self":[{"href":"https:\/\/www.belvilla.nl\/blog\/wp-json\/wp\/v2\/posts\/8213","targetHints":{"allow":["GET"]}}],"collection":[{"href":"https:\/\/www.belvilla.nl\/blog\/wp-json\/wp\/v2\/posts"}],"about":[{"href":"https:\/\/www.belvilla.nl\/blog\/wp-json\/wp\/v2\/types\/post"}],"author":[{"embeddable":true,"href":"https:\/\/www.belvilla.nl\/blog\/wp-json\/wp\/v2\/users\/1"}],"replies":[{"embeddable":true,"href":"https:\/\/www.belvilla.nl\/blog\/wp-json\/wp\/v2\/comments?post=8213"}],"version-history":[{"count":2,"href":"https:\/\/www.belvilla.nl\/blog\/wp-json\/wp\/v2\/posts\/8213\/revisions"}],"predecessor-version":[{"id":12946,"href":"https:\/\/www.belvilla.nl\/blog\/wp-json\/wp\/v2\/posts\/8213\/revisions\/12946"}],"wp:featuredmedia":[{"embeddable":true,"href":"https:\/\/www.belvilla.nl\/blog\/wp-json\/wp\/v2\/media\/8214"}],"wp:attachment":[{"href":"https:\/\/www.belvilla.nl\/blog\/wp-json\/wp\/v2\/media?parent=8213"}],"wp:term":[{"taxonomy":"category","embeddable":true,"href":"https:\/\/www.belvilla.nl\/blog\/wp-json\/wp\/v2\/categories?post=8213"},{"taxonomy":"post_tag","embeddable":true,"href":"https:\/\/www.belvilla.nl\/blog\/wp-json\/wp\/v2\/tags?post=8213"},{"taxonomy":"location","embeddable":true,"href":"https:\/\/www.belvilla.nl\/blog\/wp-json\/wp\/v2\/location?post=8213"}],"curies":[{"name":"wp","href":"https:\/\/api.w.org\/{rel}","templated":true}]}}