{"id":7405,"date":"2015-09-18T00:00:00","date_gmt":"2022-12-13T15:52:27","guid":{"rendered":"https:\/\/www.belvilla.nl\/blog\/?p=7405"},"modified":"2023-10-22T10:02:27","modified_gmt":"2023-10-22T10:02:27","slug":"wintersport-met-de-feestdagen","status":"publish","type":"post","link":"https:\/\/www.belvilla.nl\/blog\/wintersport-met-de-feestdagen\/","title":{"rendered":"Wintersport met de feestdagen"},"content":{"rendered":"\n<p>Elk jaar trekt de familie Rentrop richting Oostenrijk om in de kerstperiode twee weken te gaan ski\u00ebn in de omgeving Kaltenbach. Ze verblijven al jaren in een Belvilla. Bianca Rentrop vertelt: \u201dWij gaan graag met Belvilla op <a href=\"https:\/\/www.belvilla.nl\/blog\/goedkope-vakantie\/\">vakantie<\/a>, wij hebben nooit problemen, alles is goed geregeld en daardoor geeft het ons een vertrouwd gevoel.\u201d Afgelopen kerst en oud en nieuw verbleef\u00a0het gezin\u00a0in de <a href=\"https:\/\/www.belvilla.nl\/vakantiehuizen\/appartement-fugenberg-6-personen-AT-6264-72?utm_medium=social-p&amp;utm_source=blog-nl&amp;utm_campaign=2015-09-18\" target=\"_blank\" rel=\"noopener\">vakantiewoning Andrea<\/a>, een prachtige locatie in het plaatsje F\u00fcgenberg. In deze blog lees je over de ervaringen van de familie Rentrop in Tirol tijdens de feestdagen.<\/p>\n<p><span id=\"more-5801\"><\/span><\/p>\n<h2>Feestdagen in de bergen<\/h2>\n<p>\u201cWij geven voor de <a href=\"https:\/\/www.belvilla.nl\/blog\/wintersport-met-kinderen-zo-hou-je-het-relaxed\/\">wintersport<\/a> de voorkeur aan de <a href=\"https:\/\/www.belvilla.nl\/blog\/vakantievilla-oud-nieuw\/\">kerstvakantie<\/a> boven de krokusvakantie, aangezien we dan twee weken aan een stuk kunnen ski\u00ebn. Daarbij is het ook heerlijk om geen verplichtingen te hebben tijdens de feestdagen\u201d,\u00a0knipoogt Bianca. \u201cBij aankomst stond er een opgetuigde kerstboom in de vakantiewoning op ons te wachten, wat een prettig ontvangst!\u201d. Hoe ze de kerstdagen invullen? De eerste kerstdag is de familie uiteten geweest in \u00e9\u00e9n van de verschillende restaurantjes en de tweede kerstdag hebben ze gezellig gegourmet in de vakantiewoning.<\/p>\n<p>De eerste week van deze vakantie ervaart de familie Rentrop wat ski\u00ebn betreft als prettiger. Het is\u00a0dan rustiger en de pistes liggen er het mooiste bij. Met oud en nieuw worden er verschillende vuurwerkshows gegeven. \u201cDeze vuurwerkshows zijn gigantisch, daar kan je zelf niet tegenop. Vanaf ons balkon hebben wij de vuurwerkshow in F\u00fcgen kunnen bekijken, wat\u00a0ons <a href=\"https:\/\/www.belvilla.nl\/blog\/vakantiehuis-met-privezwembad\/\">vakantiehuis<\/a> nog extra ideaal maakt\u201d, vertelt Bianca.<\/p>\n<h2>Ski\u00ebn als passie<\/h2>\n<p>Het afgelopen\u00a0jaar is de familie Rentrop op vakantie geweest met hun zoon Damian van dertien jaar. Sinds enkele jaren kiezen ze voor het <a href=\"https:\/\/www.belvilla.nl\/wintersport-chalet-oostenrijk\/chalets-hochfugen-hochzillertal\/?utm_medium=social-p&amp;utm_source=blog-nl&amp;utm_campaign=2015-09-18\" target=\"_blank\" rel=\"noopener\">skigebied \u201cSKI-Optimal Hochzillertal\u201d<\/a>, na vaak in <a href=\"https:\/\/www.belvilla.nl\/wintersport-chalet-oostenrijk\/chalets-otz-hochotz\/?utm_medium=social-p&amp;utm_source=blog-nl&amp;utm_campaign=2015-09-18\" target=\"_blank\" rel=\"noopener\">\u201c\u00d6tz-Hock\u00f6tz\u201d<\/a> te zijn geweest, een beduidend kleiner <a href=\"https:\/\/www.belvilla.nl\/blog\/wintersport-tsjechie\/\">skigebied<\/a>. \u201cEen ideaal skigebied met jonge kinderen, aangezien ze er niet kunnen verdwalen en er prima kunnen leren ski\u00ebn!\u201d, aldus familie Rentrop.<\/p>\n<p>\u201cDe skivakantie is voor ons niet zomaar een vakantie. Het is onze passie, wij zijn echt snelheidsski\u00ebrs. Wij kijken dan ook elk jaar weer ontzettend uit naar onze skivakantie en overwegen om de krokusvakantie nog een keer te gaan\u201d, lacht Bianca. De familie Rentrop maakt graag tochten en skiet dan ook van hutje naar hutje. Ze geven aan: \u201cNa het ski\u00ebn gaan we af en toe nog apr\u00e8s-ski\u00ebn in de Postalm in Kaltenbach of heerlijke uiteten in een van de leuke restaurantjes.\u201d<\/p>\n<div id=\"attachment_5837\" style=\"width: 442px\" class=\"wp-caption aligncenter\"><img loading=\"lazy\" decoding=\"async\" src=\"https:\/\/www.belvilla.nl\/blog\/wp-content\/uploads\/sites\/6\/2015\/09\/Skier-wintersport-sneew-Belvilla-Vakantiehuizen.jpg\" alt=\"Een fijne accommodatie, met super aardige eigenaren. Volgend jaar weer!\" width=\"432\" height=\"648\" class=\"aligncenter size-medium wp-image-7403\" \/><\/p>\n<p id=\"caption-attachment-5837\" class=\"wp-caption-text\">Zoon Damian, met uitzicht op Kaltenbach.<\/p>\n<\/div>\n<p>&nbsp;<\/p>\n<h2>Huis Andrea: groot genoeg met wifi<\/h2>\n<p>De familie Rentrop vindt het erg belangrijk dat hun vakantiehuis groot genoeg is om twee weken in te verblijven. Zo kijken ze of er naast eet- en slaapplaats in de accommodatie ook voldoende extra\u00a0ruimte is om\u00a0bijvoorbeeld \u2019s avonds op de bank bij te komen van een heerlijke dag ski\u00ebn. Daarbij vindt hun zoon WiFi in het vakantiehuis belangrijk, om contact te houden met het thuisfront. En natuurlijk is een goed verzorgde en vooral schone woning relevant. \u201cDe eigenaren van het <a href=\"https:\/\/www.belvilla.nl\/vakantiehuizen\/appartement-fugenberg-6-personen-AT-6264-72?utm_medium=social-p&amp;utm_source=blog-nl&amp;utm_campaign=2015-09-18\" target=\"_blank\" rel=\"noopener\">vakantiehuis Andrea<\/a> hebben ons uiterst vriendelijk ontvangen\u201d, aldus de familie Rentrop. Al deze factoren hebben ertoe geleid dat ze volgend jaar weer gaan in dezelfde periode. Dan gaan er ook een zus en een vriendin mee. \u201cWij kunnen niet wachten totdat het weer zover is\u201d,\u00a0lacht Bianca.<\/p>\n<div id=\"attachment_5835\" style=\"width: 2410px\" class=\"wp-caption aligncenter\"><a href=\"https:\/\/www.belvilla.nl\/vakantiehuizen\/appartement-fugenberg-6-personen-AT-6264-72?utm_medium=social-p&amp;utm_source=blog-nl&amp;utm_campaign=2015-09-18\" target=\"_blank\" rel=\"noopener\"><img loading=\"lazy\" decoding=\"async\" src=\"https:\/\/www.belvilla.nl\/blog\/wp-content\/uploads\/sites\/6\/2015\/09\/AT-6264-72-collage-1096x683.jpg\" alt=\"Een fijne accommodatie, met super aardige eigenaren. Volgend jaar weer!\" width=\"1096\" height=\"683\" class=\"aligncenter size-medium wp-image-7404\" \/><\/a><\/p>\n<p id=\"caption-attachment-5835\" class=\"wp-caption-text\">Een fijne accommodatie, met super aardige eigenaren. Volgend jaar weer!<\/p>\n<\/div>\n<h2>Tijdens de feestdagen op wintersport?<\/h2>\n<p>Wil je ook kerst of oud en nieuw doorbrengen in de bergen? Neem dan aan kijkje in het ruime aanbod van Belvilla. Wij hebben veel keus in <a href=\"https:\/\/www.belvilla.nl\/wintersport-chalet\/?utm_medium=social-p&amp;utm_source=blog-nl&amp;utm_campaign=2015-09-18\" target=\"_blank\" rel=\"noopener\">wintersportwoningen<\/a>, van grote groepshuizen tot familiehuizen en appartementen. Wist je dat we zelfs de grootste aanbieder zijn van Oostenrijkse vakantiehuizen? Gevorderde ski\u00ebrs zullen het waarderen dat je een vakantiehuis op pistelengte kunt zoeken (erg handig!). De grotere <a href=\"https:\/\/www.belvilla.nl\/blog\/skigebieden-oostenrijk\/\">skigebieden vind je in Oostenrijk<\/a> vooral in Tirol en Salzburgerland, waarbij Tirol een populaire regio is onder de Nederlanders met volop apr\u00e8s-ski-mogelijkheden! Ook hebben we veel vakantiewoningen in\u00a0dichtbij gelegen\u00a0skigebieden, zoals <a href=\"https:\/\/www.belvilla.nl\/wintersport-chalet-duitsland\/chalets-vakantiewereld-winterberg\/?utm_medium=social-p&amp;utm_source=blog-nl&amp;utm_campaign=2015-09-18\" target=\"_blank\" rel=\"noopener\">Vakantiewereld Winterberg<\/a>. Dat is bijvoorbeeld fijn voor families met kleinere kinderen of als je voor een short-ski gaat. Zie jij jezelf de feestdagen al doorbrengen in een wintersportchalet?<\/p>\n","protected":false},"excerpt":{"rendered":"<p>Elk jaar trekt de familie Rentrop richting Oostenrijk om in de kerstperiode twee weken te gaan ski\u00ebn in de omgeving&hellip;<\/p>\n","protected":false},"author":1,"featured_media":7406,"comment_status":"open","ping_status":"open","sticky":false,"template":"","format":"standard","meta":{"footnotes":""},"categories":[95,101,102,132,93,109,99,116,104,128,131,129],"tags":[],"location":[],"class_list":["post-7405","post","type-post","status-publish","format-standard","has-post-thumbnail","hentry","category-algemeen","category-doen","category-eten-drinken","category-gastblog","category-inspiratie","category-nederland","category-oostenrijk","category-overwinteren","category-tips","category-toplijstjes","category-vakantiehuizen","category-voorbereiding"],"acf":[],"yoast_head":"<!-- This site is optimized with the Yoast SEO plugin v27.5 - https:\/\/yoast.com\/product\/yoast-seo-wordpress\/ -->\n<title>Wintersport met de feestdagen | Belvilla Blog<\/title>\n<meta name=\"description\" content=\"Ben je benieuwd hoe het is om op wintersport te gaan met de feestdagen? Lees hier de gastblog van familie Rentrop over hun kerstvakantie in Oostenrijk.\" \/>\n<meta name=\"robots\" content=\"index, follow, max-snippet:-1, max-image-preview:large, max-video-preview:-1\" \/>\n<link rel=\"canonical\" href=\"https:\/\/www.belvilla.nl\/blog\/wintersport-met-de-feestdagen\/\" \/>\n<meta property=\"og:locale\" content=\"nl_NL\" \/>\n<meta property=\"og:type\" content=\"article\" \/>\n<meta property=\"og:title\" content=\"Wintersport met de feestdagen | Belvilla Blog\" \/>\n<meta property=\"og:description\" content=\"Ben je benieuwd hoe het is om op wintersport te gaan met de feestdagen? Lees hier de gastblog van familie Rentrop over hun kerstvakantie in Oostenrijk.\" \/>\n<meta property=\"og:url\" content=\"https:\/\/www.belvilla.nl\/blog\/wintersport-met-de-feestdagen\/\" \/>\n<meta property=\"og:site_name\" content=\"Belvilla Blog NL\" \/>\n<meta property=\"article:published_time\" content=\"2022-12-13T15:52:27+00:00\" \/>\n<meta property=\"article:modified_time\" content=\"2023-10-22T10:02:27+00:00\" \/>\n<meta property=\"og:image\" content=\"https:\/\/www.belvilla.nl\/blog\/wp-content\/uploads\/sites\/6\/2015\/09\/Gezin-wintersport-sneeuw-Belvilla-Vakantiehuizen-.jpg\" \/>\n\t<meta property=\"og:image:width\" content=\"892\" \/>\n\t<meta property=\"og:image:height\" content=\"595\" \/>\n\t<meta property=\"og:image:type\" content=\"image\/jpeg\" \/>\n<meta name=\"author\" content=\"Viktar\" \/>\n<meta name=\"twitter:card\" content=\"summary_large_image\" \/>\n<meta name=\"twitter:label1\" content=\"Geschreven door\" \/>\n\t<meta name=\"twitter:data1\" content=\"Viktar\" \/>\n\t<meta name=\"twitter:label2\" content=\"Geschatte leestijd\" \/>\n\t<meta name=\"twitter:data2\" content=\"3 minuten\" \/>\n<script type=\"application\/ld+json\" class=\"yoast-schema-graph\">{\"@context\":\"https:\\\/\\\/schema.org\",\"@graph\":[{\"@type\":\"Article\",\"@id\":\"https:\\\/\\\/www.belvilla.nl\\\/blog\\\/wintersport-met-de-feestdagen\\\/#article\",\"isPartOf\":{\"@id\":\"https:\\\/\\\/www.belvilla.nl\\\/blog\\\/wintersport-met-de-feestdagen\\\/\"},\"author\":{\"name\":\"Viktar\",\"@id\":\"https:\\\/\\\/www.belvilla.nl\\\/blog\\\/#\\\/schema\\\/person\\\/7a68da0f1f5100cf652f73311fea426f\"},\"headline\":\"Wintersport met de feestdagen\",\"datePublished\":\"2022-12-13T15:52:27+00:00\",\"dateModified\":\"2023-10-22T10:02:27+00:00\",\"mainEntityOfPage\":{\"@id\":\"https:\\\/\\\/www.belvilla.nl\\\/blog\\\/wintersport-met-de-feestdagen\\\/\"},\"wordCount\":691,\"commentCount\":0,\"image\":{\"@id\":\"https:\\\/\\\/www.belvilla.nl\\\/blog\\\/wintersport-met-de-feestdagen\\\/#primaryimage\"},\"thumbnailUrl\":\"https:\\\/\\\/www.belvilla.nl\\\/blog\\\/wp-content\\\/uploads\\\/sites\\\/6\\\/2015\\\/09\\\/Gezin-wintersport-sneeuw-Belvilla-Vakantiehuizen-.jpg\",\"articleSection\":[\"Algemeen\",\"Doen\",\"Eten &amp; drinken\",\"Gastblog\",\"Inspiratie\",\"Nederland\",\"Oostenrijk\",\"Overwinteren\",\"Tips\",\"Toplijstjes\",\"Vakantiehuizen\",\"Voorbereiding\"],\"inLanguage\":\"nl-NL\",\"potentialAction\":[{\"@type\":\"CommentAction\",\"name\":\"Comment\",\"target\":[\"https:\\\/\\\/www.belvilla.nl\\\/blog\\\/wintersport-met-de-feestdagen\\\/#respond\"]}]},{\"@type\":\"WebPage\",\"@id\":\"https:\\\/\\\/www.belvilla.nl\\\/blog\\\/wintersport-met-de-feestdagen\\\/\",\"url\":\"https:\\\/\\\/www.belvilla.nl\\\/blog\\\/wintersport-met-de-feestdagen\\\/\",\"name\":\"Wintersport met de feestdagen | Belvilla Blog\",\"isPartOf\":{\"@id\":\"https:\\\/\\\/www.belvilla.nl\\\/blog\\\/#website\"},\"primaryImageOfPage\":{\"@id\":\"https:\\\/\\\/www.belvilla.nl\\\/blog\\\/wintersport-met-de-feestdagen\\\/#primaryimage\"},\"image\":{\"@id\":\"https:\\\/\\\/www.belvilla.nl\\\/blog\\\/wintersport-met-de-feestdagen\\\/#primaryimage\"},\"thumbnailUrl\":\"https:\\\/\\\/www.belvilla.nl\\\/blog\\\/wp-content\\\/uploads\\\/sites\\\/6\\\/2015\\\/09\\\/Gezin-wintersport-sneeuw-Belvilla-Vakantiehuizen-.jpg\",\"datePublished\":\"2022-12-13T15:52:27+00:00\",\"dateModified\":\"2023-10-22T10:02:27+00:00\",\"author\":{\"@id\":\"https:\\\/\\\/www.belvilla.nl\\\/blog\\\/#\\\/schema\\\/person\\\/7a68da0f1f5100cf652f73311fea426f\"},\"description\":\"Ben je benieuwd hoe het is om op wintersport te gaan met de feestdagen? Lees hier de gastblog van familie Rentrop over hun kerstvakantie in Oostenrijk.\",\"breadcrumb\":{\"@id\":\"https:\\\/\\\/www.belvilla.nl\\\/blog\\\/wintersport-met-de-feestdagen\\\/#breadcrumb\"},\"inLanguage\":\"nl-NL\",\"potentialAction\":[{\"@type\":\"ReadAction\",\"target\":[\"https:\\\/\\\/www.belvilla.nl\\\/blog\\\/wintersport-met-de-feestdagen\\\/\"]}]},{\"@type\":\"ImageObject\",\"inLanguage\":\"nl-NL\",\"@id\":\"https:\\\/\\\/www.belvilla.nl\\\/blog\\\/wintersport-met-de-feestdagen\\\/#primaryimage\",\"url\":\"https:\\\/\\\/www.belvilla.nl\\\/blog\\\/wp-content\\\/uploads\\\/sites\\\/6\\\/2015\\\/09\\\/Gezin-wintersport-sneeuw-Belvilla-Vakantiehuizen-.jpg\",\"contentUrl\":\"https:\\\/\\\/www.belvilla.nl\\\/blog\\\/wp-content\\\/uploads\\\/sites\\\/6\\\/2015\\\/09\\\/Gezin-wintersport-sneeuw-Belvilla-Vakantiehuizen-.jpg\",\"width\":892,\"height\":595},{\"@type\":\"BreadcrumbList\",\"@id\":\"https:\\\/\\\/www.belvilla.nl\\\/blog\\\/wintersport-met-de-feestdagen\\\/#breadcrumb\",\"itemListElement\":[{\"@type\":\"ListItem\",\"position\":1,\"name\":\"Home\",\"item\":\"https:\\\/\\\/www.belvilla.nl\\\/blog\\\/\"},{\"@type\":\"ListItem\",\"position\":2,\"name\":\"Wintersport met de feestdagen\"}]},{\"@type\":\"WebSite\",\"@id\":\"https:\\\/\\\/www.belvilla.nl\\\/blog\\\/#website\",\"url\":\"https:\\\/\\\/www.belvilla.nl\\\/blog\\\/\",\"name\":\"Belvilla Blog NL\",\"description\":\"\",\"potentialAction\":[{\"@type\":\"SearchAction\",\"target\":{\"@type\":\"EntryPoint\",\"urlTemplate\":\"https:\\\/\\\/www.belvilla.nl\\\/blog\\\/?s={search_term_string}\"},\"query-input\":{\"@type\":\"PropertyValueSpecification\",\"valueRequired\":true,\"valueName\":\"search_term_string\"}}],\"inLanguage\":\"nl-NL\"},{\"@type\":\"Person\",\"@id\":\"https:\\\/\\\/www.belvilla.nl\\\/blog\\\/#\\\/schema\\\/person\\\/7a68da0f1f5100cf652f73311fea426f\",\"name\":\"Viktar\",\"image\":{\"@type\":\"ImageObject\",\"inLanguage\":\"nl-NL\",\"@id\":\"https:\\\/\\\/secure.gravatar.com\\\/avatar\\\/2769e1632bd460b1d7344ee3c118c77f263dd790438ee92c44c552e0e33630c0?s=96&d=mm&r=g\",\"url\":\"https:\\\/\\\/secure.gravatar.com\\\/avatar\\\/2769e1632bd460b1d7344ee3c118c77f263dd790438ee92c44c552e0e33630c0?s=96&d=mm&r=g\",\"contentUrl\":\"https:\\\/\\\/secure.gravatar.com\\\/avatar\\\/2769e1632bd460b1d7344ee3c118c77f263dd790438ee92c44c552e0e33630c0?s=96&d=mm&r=g\",\"caption\":\"Viktar\"},\"sameAs\":[\"https:\\\/\\\/oyomon.in\"]}]}<\/script>\n<!-- \/ Yoast SEO plugin. -->","yoast_head_json":{"title":"Wintersport met de feestdagen | Belvilla Blog","description":"Ben je benieuwd hoe het is om op wintersport te gaan met de feestdagen? Lees hier de gastblog van familie Rentrop over hun kerstvakantie in Oostenrijk.","robots":{"index":"index","follow":"follow","max-snippet":"max-snippet:-1","max-image-preview":"max-image-preview:large","max-video-preview":"max-video-preview:-1"},"canonical":"https:\/\/www.belvilla.nl\/blog\/wintersport-met-de-feestdagen\/","og_locale":"nl_NL","og_type":"article","og_title":"Wintersport met de feestdagen | Belvilla Blog","og_description":"Ben je benieuwd hoe het is om op wintersport te gaan met de feestdagen? Lees hier de gastblog van familie Rentrop over hun kerstvakantie in Oostenrijk.","og_url":"https:\/\/www.belvilla.nl\/blog\/wintersport-met-de-feestdagen\/","og_site_name":"Belvilla Blog NL","article_published_time":"2022-12-13T15:52:27+00:00","article_modified_time":"2023-10-22T10:02:27+00:00","og_image":[{"width":892,"height":595,"url":"https:\/\/www.belvilla.nl\/blog\/wp-content\/uploads\/sites\/6\/2015\/09\/Gezin-wintersport-sneeuw-Belvilla-Vakantiehuizen-.jpg","type":"image\/jpeg"}],"author":"Viktar","twitter_card":"summary_large_image","twitter_misc":{"Geschreven door":"Viktar","Geschatte leestijd":"3 minuten"},"schema":{"@context":"https:\/\/schema.org","@graph":[{"@type":"Article","@id":"https:\/\/www.belvilla.nl\/blog\/wintersport-met-de-feestdagen\/#article","isPartOf":{"@id":"https:\/\/www.belvilla.nl\/blog\/wintersport-met-de-feestdagen\/"},"author":{"name":"Viktar","@id":"https:\/\/www.belvilla.nl\/blog\/#\/schema\/person\/7a68da0f1f5100cf652f73311fea426f"},"headline":"Wintersport met de feestdagen","datePublished":"2022-12-13T15:52:27+00:00","dateModified":"2023-10-22T10:02:27+00:00","mainEntityOfPage":{"@id":"https:\/\/www.belvilla.nl\/blog\/wintersport-met-de-feestdagen\/"},"wordCount":691,"commentCount":0,"image":{"@id":"https:\/\/www.belvilla.nl\/blog\/wintersport-met-de-feestdagen\/#primaryimage"},"thumbnailUrl":"https:\/\/www.belvilla.nl\/blog\/wp-content\/uploads\/sites\/6\/2015\/09\/Gezin-wintersport-sneeuw-Belvilla-Vakantiehuizen-.jpg","articleSection":["Algemeen","Doen","Eten &amp; drinken","Gastblog","Inspiratie","Nederland","Oostenrijk","Overwinteren","Tips","Toplijstjes","Vakantiehuizen","Voorbereiding"],"inLanguage":"nl-NL","potentialAction":[{"@type":"CommentAction","name":"Comment","target":["https:\/\/www.belvilla.nl\/blog\/wintersport-met-de-feestdagen\/#respond"]}]},{"@type":"WebPage","@id":"https:\/\/www.belvilla.nl\/blog\/wintersport-met-de-feestdagen\/","url":"https:\/\/www.belvilla.nl\/blog\/wintersport-met-de-feestdagen\/","name":"Wintersport met de feestdagen | Belvilla Blog","isPartOf":{"@id":"https:\/\/www.belvilla.nl\/blog\/#website"},"primaryImageOfPage":{"@id":"https:\/\/www.belvilla.nl\/blog\/wintersport-met-de-feestdagen\/#primaryimage"},"image":{"@id":"https:\/\/www.belvilla.nl\/blog\/wintersport-met-de-feestdagen\/#primaryimage"},"thumbnailUrl":"https:\/\/www.belvilla.nl\/blog\/wp-content\/uploads\/sites\/6\/2015\/09\/Gezin-wintersport-sneeuw-Belvilla-Vakantiehuizen-.jpg","datePublished":"2022-12-13T15:52:27+00:00","dateModified":"2023-10-22T10:02:27+00:00","author":{"@id":"https:\/\/www.belvilla.nl\/blog\/#\/schema\/person\/7a68da0f1f5100cf652f73311fea426f"},"description":"Ben je benieuwd hoe het is om op wintersport te gaan met de feestdagen? Lees hier de gastblog van familie Rentrop over hun kerstvakantie in Oostenrijk.","breadcrumb":{"@id":"https:\/\/www.belvilla.nl\/blog\/wintersport-met-de-feestdagen\/#breadcrumb"},"inLanguage":"nl-NL","potentialAction":[{"@type":"ReadAction","target":["https:\/\/www.belvilla.nl\/blog\/wintersport-met-de-feestdagen\/"]}]},{"@type":"ImageObject","inLanguage":"nl-NL","@id":"https:\/\/www.belvilla.nl\/blog\/wintersport-met-de-feestdagen\/#primaryimage","url":"https:\/\/www.belvilla.nl\/blog\/wp-content\/uploads\/sites\/6\/2015\/09\/Gezin-wintersport-sneeuw-Belvilla-Vakantiehuizen-.jpg","contentUrl":"https:\/\/www.belvilla.nl\/blog\/wp-content\/uploads\/sites\/6\/2015\/09\/Gezin-wintersport-sneeuw-Belvilla-Vakantiehuizen-.jpg","width":892,"height":595},{"@type":"BreadcrumbList","@id":"https:\/\/www.belvilla.nl\/blog\/wintersport-met-de-feestdagen\/#breadcrumb","itemListElement":[{"@type":"ListItem","position":1,"name":"Home","item":"https:\/\/www.belvilla.nl\/blog\/"},{"@type":"ListItem","position":2,"name":"Wintersport met de feestdagen"}]},{"@type":"WebSite","@id":"https:\/\/www.belvilla.nl\/blog\/#website","url":"https:\/\/www.belvilla.nl\/blog\/","name":"Belvilla Blog NL","description":"","potentialAction":[{"@type":"SearchAction","target":{"@type":"EntryPoint","urlTemplate":"https:\/\/www.belvilla.nl\/blog\/?s={search_term_string}"},"query-input":{"@type":"PropertyValueSpecification","valueRequired":true,"valueName":"search_term_string"}}],"inLanguage":"nl-NL"},{"@type":"Person","@id":"https:\/\/www.belvilla.nl\/blog\/#\/schema\/person\/7a68da0f1f5100cf652f73311fea426f","name":"Viktar","image":{"@type":"ImageObject","inLanguage":"nl-NL","@id":"https:\/\/secure.gravatar.com\/avatar\/2769e1632bd460b1d7344ee3c118c77f263dd790438ee92c44c552e0e33630c0?s=96&d=mm&r=g","url":"https:\/\/secure.gravatar.com\/avatar\/2769e1632bd460b1d7344ee3c118c77f263dd790438ee92c44c552e0e33630c0?s=96&d=mm&r=g","contentUrl":"https:\/\/secure.gravatar.com\/avatar\/2769e1632bd460b1d7344ee3c118c77f263dd790438ee92c44c552e0e33630c0?s=96&d=mm&r=g","caption":"Viktar"},"sameAs":["https:\/\/oyomon.in"]}]}},"_links":{"self":[{"href":"https:\/\/www.belvilla.nl\/blog\/wp-json\/wp\/v2\/posts\/7405","targetHints":{"allow":["GET"]}}],"collection":[{"href":"https:\/\/www.belvilla.nl\/blog\/wp-json\/wp\/v2\/posts"}],"about":[{"href":"https:\/\/www.belvilla.nl\/blog\/wp-json\/wp\/v2\/types\/post"}],"author":[{"embeddable":true,"href":"https:\/\/www.belvilla.nl\/blog\/wp-json\/wp\/v2\/users\/1"}],"replies":[{"embeddable":true,"href":"https:\/\/www.belvilla.nl\/blog\/wp-json\/wp\/v2\/comments?post=7405"}],"version-history":[{"count":2,"href":"https:\/\/www.belvilla.nl\/blog\/wp-json\/wp\/v2\/posts\/7405\/revisions"}],"predecessor-version":[{"id":12855,"href":"https:\/\/www.belvilla.nl\/blog\/wp-json\/wp\/v2\/posts\/7405\/revisions\/12855"}],"wp:featuredmedia":[{"embeddable":true,"href":"https:\/\/www.belvilla.nl\/blog\/wp-json\/wp\/v2\/media\/7406"}],"wp:attachment":[{"href":"https:\/\/www.belvilla.nl\/blog\/wp-json\/wp\/v2\/media?parent=7405"}],"wp:term":[{"taxonomy":"category","embeddable":true,"href":"https:\/\/www.belvilla.nl\/blog\/wp-json\/wp\/v2\/categories?post=7405"},{"taxonomy":"post_tag","embeddable":true,"href":"https:\/\/www.belvilla.nl\/blog\/wp-json\/wp\/v2\/tags?post=7405"},{"taxonomy":"location","embeddable":true,"href":"https:\/\/www.belvilla.nl\/blog\/wp-json\/wp\/v2\/location?post=7405"}],"curies":[{"name":"wp","href":"https:\/\/api.w.org\/{rel}","templated":true}]}}