{"id":6636,"date":"2015-08-28T00:00:00","date_gmt":"2022-12-13T15:52:28","guid":{"rendered":"https:\/\/www.belvilla.nl\/blog\/?p=6636"},"modified":"2023-10-22T10:58:08","modified_gmt":"2023-10-22T10:58:08","slug":"topper-in-oostenrijk","status":"publish","type":"post","link":"https:\/\/www.belvilla.nl\/blog\/topper-in-oostenrijk\/","title":{"rendered":"Topper in Oostenrijk"},"content":{"rendered":"<br \/>\n<h2>Blik bij Belvilla &#8211; Oostenrijkexpert Pepijn Zijsling<\/h2>\n<p>Wintersportliefhebber, Oostenrijkkenner, chaletspecialist; het zijn enkele woorden die onze collega Pepijn Zijsling typeren. Pepijn is al lange tijd onze inkoopagent voor Oostenrijk en Zwitserland. Een belangrijke job, want met bijna tweeduizend\u00a0woningen is Belvilla de grootste aanbieder van vakantiehuizen in Oostenrijk. Ieder jaar vertrekken\u00a0duizenden gasten in <a href=\"https:\/\/www.belvilla.nl\/blog\/stedentrip-zuid-frankrijk\/\">zomer<\/a> en winter naar hun Belvilla-vakantiehuis in de Alpen. Zo vlak voor het naseizoen met de <a href=\"https:\/\/www.belvilla.nl\/blog\/wintersport-met-kinderen-zo-hou-je-het-relaxed\/\">wintersport<\/a> weer in aantocht is het een mooi moment om Pepijn\u00a0eens aan de tand te voelen.\u00a0Hoe zorgt hij met zijn team\u00a0voor een gevarieerd aanbod van vakantiehuizen dat voldoet aan de wensen van onze gasten?<span id=\"more-5677\"><\/span><\/p>\n<h2>Van skileraar\u00a0via trainee en inkoper<\/h2>\n<p>&#8220;Na mijn studie aan de Hogeschool van Utrecht ben ik in 2002 bij Belvilla, toen nog\u00a0in Heerhugowaard, gestart als trainee op de inkoopafdeling.&#8221;, vertelt Pepijn.\u00a0&#8220;Ik\u00a0begon als inkoper voor verschillende landen in Europa waarbij Oostenrijk mijn favoriet was. Met mijn toen nog beperkte Duits, opgedaan tijdens mijn bijbaantje\u00a0als skileraar,\u00a0ben ik destijds met een ervaren\u00a0collega\u00a0op inkoopreis gegaan. Hij leerde me de kneepjes van het vak en inmiddels is mijn Duits ook al wat beter&#8221;, merkt hij op met gevoel voor <em>understatement<\/em>. Wat ons betreft is Pepijn namelijk een halve Oostenrijker geworden.<\/p>\n<\/p>\n<p>&nbsp;<\/p>\n<div id=\"attachment_5698\" style=\"width: 902px\" class=\"wp-caption aligncenter\"><img loading=\"lazy\" decoding=\"async\" src=\"https:\/\/www.belvilla.nl\/blog\/wp-content\/uploads\/sites\/6\/2015\/08\/Pepijn-Zijsling-skileraar-Oostenrijk-Belvilla-vakantiehuizen.jpg\" alt=\"groepswoning bioscoop Kirchberg Tirol Belvilla vakantiehuizen\" width=\"892\" height=\"595\" class=\"aligncenter size-medium wp-image-6620\" \/><\/p>\n<p id=\"caption-attachment-5698\" class=\"wp-caption-text\">Voordat Pepijn bij Belvilla kwam werken, was hij skileraar in Oostenrijk<\/p>\n<\/div>\n<h2>Dichter op de bal<\/h2>\n<p>&#8220;Na\u00a0enige tijd\u00a0merkte ik dat de afstand een lastige factor was.&#8221;, vertelt Pepijn. &#8220;We waren te veel tijd kwijt aan reizen. Vandaar dat ik eind 2005 op het idee kwam om een agentschap in Innsbruck te openen. Het leek me goed om ter plaatse te wonen, daar een netwerk op te bouwen en dichter op de bal te zitten. Mijn vriendin moest daar natuurlijk wel even aan wennen, we kenden elkaar toen nog maar heel kort. Inmiddels zijn we getrouwd, papa en mama,\u00a0en werkt ook zij bij mij op kantoor, dus dat is helemaal goed gekomen.&#8221;, lacht Pepijn.<\/p>\n<h2>Persoonlijke benadering<\/h2>\n<p>&#8220;De vraag naar Oostenrijkse huizen groeide gestaag. Zo hard, dat\u00a0we inmiddels werken met een team van\u00a0subagenten in diverse regio\u2019s.&#8221;, gaat Pepijn verder.\u00a0&#8220;We zijn nu, met een nieuw kantoor in Kitzb\u00fchel, met\u00a0tien personen verantwoordelijk voor de Belvilla\u2019s in Oostenrijk en Zwitserland.\u00a0Ik ben blij dat we voor deze aanpak gekozen hebben. We kunnen nu met elkaar alle vakantiehuizen en huiseigenaren persoonlijk bezoeken\u00a0en goede, snelle service verlenen. We geven ze advies over bijvoorbeeld de inrichting of aanpassingen van het huis om een betere bezetting te krijgen.\u00a0Onze persoonlijke aanpak heeft er ook toe geleid dat huiseigenaren zeer tevreden zijn en langer met ons samenwerken. Toevallig was ik dit voorjaar nog bij een huiseigenaar die al 26 jaar zijn huis verhuurt via Belvilla!&#8221;<\/p>\n<div id=\"attachment_5697\" style=\"width: 902px\" class=\"wp-caption aligncenter\"><img loading=\"lazy\" decoding=\"async\" src=\"https:\/\/www.belvilla.nl\/blog\/wp-content\/uploads\/sites\/6\/2015\/08\/Pepijn-Zijsling-kantoor-Kitzbuhel-Oostenrijk-Belvilla-vakantiehuizen.jpg\" alt=\"groepswoning bioscoop Kirchberg Tirol Belvilla vakantiehuizen\" width=\"892\" height=\"595\" class=\"aligncenter size-medium wp-image-6621\" \/><\/p>\n<p id=\"caption-attachment-5697\" class=\"wp-caption-text\">Vanuit het kantoor in Kitzb\u00fchel co\u00f6rdineert Pepijn zijn team van tien subagenten voor Oostenrijk en Zwitserland<\/p>\n<\/div>\n<h2>Bestaande huiseigenaren zijn ambassadeurs<\/h2>\n<p>Op de vraag of het lastig is om aan nieuwe huizen te komen, antwoordt Pepijn: &#8220;Dat valt reuze mee. Doordat we in de buurt zitten\u00a0en al vaak een aantal huizen in een plaats verhuren, spreekt zich dat rond.\u00a0Als de burgemeester van het dorp bijvoorbeeld zijn huis verhuurt via ons, dan komen potenti\u00eble huiseigenaren al heel gemakkelijk naar ons toe. We kunnen snel het huis bekijken en inventariseren of het bij het Belvilla-aanbod past. We vertellen de voordelen van verhuur en de zekerheden die Belvilla geeft,\u00a0zoals verzekeringen.\u00a0Er komen natuurlijk toch gasten in het huis dat een vakantiehuiseigenaar\u00a0met veel liefde en moeite heeft gebouwd en ingericht.\u00a0Ook ontvangen we\u00a0vragen van mensen die nog een huis gaan bouwen. Ze\u00a0willen bijvoorbeeld weten\u00a0wat het beste aantal\u00a0slaapkamers is en of voorzieningen als een sauna of jacuzzi werkelijk wat toevoegen.\u00a0Eigenlijk komt het erop neer\u00a0dat onze\u00a0bestaande huiseigenaren onze &#8216;ambassadeurs&#8217; zijn geworden.&#8221;<\/p>\n<div id=\"attachment_5696\" style=\"width: 902px\" class=\"wp-caption aligncenter\"><img loading=\"lazy\" decoding=\"async\" src=\"https:\/\/www.belvilla.nl\/blog\/wp-content\/uploads\/sites\/6\/2015\/08\/Pepijn-Zijsling-eigenaren-als-ambassadeur-Belvilla-vakantiehuizen.jpg\" alt=\"groepswoning bioscoop Kirchberg Tirol Belvilla vakantiehuizen\" width=\"892\" height=\"595\" class=\"aligncenter size-medium wp-image-6622\" \/><\/p>\n<p id=\"caption-attachment-5696\" class=\"wp-caption-text\">&#8220;Bestaande vakantiehuiseigenaren zijn onze ambassadeurs geworden&#8221;, aldus Pepijn.<\/p>\n<\/div>\n<h2>Bijzondere vakantiehuizen in Oostenrijk<\/h2>\n<h3>Authentieke boerderij in Tirol<\/h3>\n<p>\u201cBinnen\u00a0ons brede aanbod van chalets en vakantiewoningen, al dan niet direct aan de piste, hebben we ook extra bijzondere huizen.&#8221;, noemt Pepijn. &#8220;Zo hebben we\u00a0een zeer\u00a0authentieke <a href=\"https:\/\/www.belvilla.nl\/at\/100016178\/?utm_medium=social-p\" target=\"_blank\" rel=\"noopener\">boerderij Hopfgarten in Tirol<\/a>, compleet met\u00a0typisch Oostenrijkse inrichting, inclusief de kenmerkende\u00a0tegelkachel en stube.&#8221;<\/p>\n<div id=\"attachment_5701\" style=\"width: 902px\" class=\"wp-caption aligncenter\"><a href=\"https:\/\/www.belvilla.nl\/at\/100016178\/?utm_medium=social-p\" target=\"_blank\" rel=\"noopener\"><img loading=\"lazy\" decoding=\"async\" src=\"https:\/\/www.belvilla.nl\/blog\/wp-content\/uploads\/sites\/6\/2015\/08\/boerderij-Hopfgarten-im-Brixental-Tirol-Oostenrijk-Belvilla-vakantiehuizen.jpg\" alt=\"groepswoning bioscoop Kirchberg Tirol Belvilla vakantiehuizen\" width=\"892\" height=\"595\" class=\"aligncenter size-medium wp-image-6623\" \/><\/a><\/p>\n<p id=\"caption-attachment-5701\" class=\"wp-caption-text\">Midden in de bergen vind je deze authentieke boerderij, gerenoveerd met behoud van oorspronkelijke elementen<\/p>\n<\/div>\n<div id=\"attachment_5700\" style=\"width: 902px\" class=\"wp-caption aligncenter\"><a href=\"https:\/\/www.belvilla.nl\/at\/100016178\/?utm_medium=social-p\" target=\"_blank\" rel=\"noopener\"><img loading=\"lazy\" decoding=\"async\" src=\"https:\/\/www.belvilla.nl\/blog\/wp-content\/uploads\/sites\/6\/2015\/08\/boerderij-eetkamer-Hopfgarten-im-Brixental-Tirol-Oostenrijk-Belvilla-vakantiehuizen.jpg\" alt=\"groepswoning bioscoop Kirchberg Tirol Belvilla vakantiehuizen\" width=\"892\" height=\"595\" class=\"aligncenter size-medium wp-image-6624\" \/><\/a><\/p>\n<p id=\"caption-attachment-5700\" class=\"wp-caption-text\">Wat een sfeertje, niet?<\/p>\n<\/div>\n<div id=\"attachment_5702\" style=\"width: 902px\" class=\"wp-caption aligncenter\"><a href=\"https:\/\/www.belvilla.nl\/at\/100016178\/?utm_medium=social-p\" target=\"_blank\" rel=\"noopener\"><img loading=\"lazy\" decoding=\"async\" src=\"https:\/\/www.belvilla.nl\/blog\/wp-content\/uploads\/sites\/6\/2015\/08\/boerderij-slaapkamer-Hopfgarten-im-Brixental-Tirol-Oostenrijk-Belvilla-vakantiehuizen.jpg\" alt=\"groepswoning bioscoop Kirchberg Tirol Belvilla vakantiehuizen\" width=\"892\" height=\"595\" class=\"aligncenter size-medium wp-image-6625\" \/><\/a><\/p>\n<p id=\"caption-attachment-5702\" class=\"wp-caption-text\">Zelfs de kussens in de slaapkamer verwelkomen je op typisch Oostenrijkse wijze<\/p>\n<\/div>\n<h3>Originele Almhuizen<\/h3>\n<p>&#8220;Onze\u00a0originele Almhuizen vind ik ook aanraders&#8221;, gaat Pepijn verder, &#8220;zoals\u00a0<a href=\"https:\/\/www.belvilla.nl\/at\/100039962\/?utm_medium=social-p\" target=\"_blank\" rel=\"noopener\">Almh\u00fctte Schm\u00f6lzer in Karinthi\u00eb<\/a>. Je vindt dit <a href=\"https:\/\/www.belvilla.nl\/blog\/vakantiehuis-met-privezwembad\/\">vakantiehuis<\/a> voor avonturiers\u00a0midden op een alpenwei. Water haal je\u00a0uit een bron en koken doe je hier op hout. De droom voor een liefhebber van de bergen in al zijn eenvoud!&#8221;<\/p>\n<div id=\"attachment_5703\" style=\"width: 902px\" class=\"wp-caption aligncenter\"><a href=\"https:\/\/www.belvilla.nl\/at\/100039962\/?utm_medium=social-p\" target=\"_blank\" rel=\"noopener\"><img loading=\"lazy\" decoding=\"async\" src=\"https:\/\/www.belvilla.nl\/blog\/wp-content\/uploads\/sites\/6\/2015\/08\/almhutte-Bad-Kleinkirchheim-Karinthie-Oostenrijk-Belvilla-vakantiehuizen.jpg\" alt=\"groepswoning bioscoop Kirchberg Tirol Belvilla vakantiehuizen\" width=\"892\" height=\"595\" class=\"aligncenter size-medium wp-image-6626\" \/><\/a><\/p>\n<p id=\"caption-attachment-5703\" class=\"wp-caption-text\">Deze Almh\u00fctte in Karinthi\u00eb is een geweldig vakantiehuis voor mensen die wel van wat uitdaging houden!<\/p>\n<\/div>\n<h3>Achthoekig chalet<\/h3>\n<p>&#8220;Een ander\u00a0heel bijzonder huis is\u00a0een <a href=\"https:\/\/www.belvilla.nl\/?utm_medium=social-p\" target=\"_blank\" rel=\"noopener\">achthoekig chalet in Itter<\/a>.\u00a0Dit\u00a0typische vakantiehuis doet door de opvallende vorm en het puntdak een beetje denken aan een knusse tent, maar wel met veel comfort! Wees er wel snel bij, want dit groepshuis is erg populair!&#8221;<\/p>\n<div id=\"attachment_5704\" style=\"width: 902px\" class=\"wp-caption aligncenter\"><a href=\"https:\/\/www.belvilla.nl\/?utm_medium=social-p\" target=\"_blank\" rel=\"noopener\"><img loading=\"lazy\" decoding=\"async\" src=\"https:\/\/www.belvilla.nl\/blog\/wp-content\/uploads\/sites\/6\/2015\/08\/chalet-Itter-Tirol-Oostenrijk-Belvilla-vakantiehuizen.jpg\" alt=\"groepswoning bioscoop Kirchberg Tirol Belvilla vakantiehuizen\" width=\"892\" height=\"595\" class=\"aligncenter size-medium wp-image-6627\" \/><\/a><\/p>\n<p id=\"caption-attachment-5704\" class=\"wp-caption-text\">Dit populaire vakantiehuis met bijzondere vorm biedt plaats aan een groep van dertien<\/p>\n<\/div>\n<div id=\"attachment_5705\" style=\"width: 902px\" class=\"wp-caption aligncenter\"><a href=\"https:\/\/www.belvilla.nl\/?utm_medium=social-p\" target=\"_blank\" rel=\"noopener\"><img loading=\"lazy\" decoding=\"async\" src=\"https:\/\/www.belvilla.nl\/blog\/wp-content\/uploads\/sites\/6\/2015\/08\/chalet-woonkamer-keuken-Itter-Tirol-Oostenrijk-Belvilla-vakantiehuizen.jpg\" alt=\"groepswoning bioscoop Kirchberg Tirol Belvilla vakantiehuizen\" width=\"892\" height=\"595\" class=\"aligncenter size-medium wp-image-6628\" \/><\/a><\/p>\n<p id=\"caption-attachment-5705\" class=\"wp-caption-text\">De speciale achthoekige vorm met puntdak biedt veel sfeer<\/p>\n<\/div>\n<div id=\"attachment_5706\" style=\"width: 902px\" class=\"wp-caption aligncenter\"><a href=\"https:\/\/www.belvilla.nl\/?utm_medium=social-p\" target=\"_blank\" rel=\"noopener\"><img loading=\"lazy\" decoding=\"async\" src=\"https:\/\/www.belvilla.nl\/blog\/wp-content\/uploads\/sites\/6\/2015\/08\/chalet-woonkamer-zithoek-Itter-Tirol-Oostenrijk-Belvilla-vakantiehuizen.jpg\" alt=\"groepswoning bioscoop Kirchberg Tirol Belvilla vakantiehuizen\" width=\"892\" height=\"595\" class=\"aligncenter size-medium wp-image-6629\" \/><\/a><\/p>\n<p id=\"caption-attachment-5706\" class=\"wp-caption-text\">Een enorme bank en een centrale eethoek bieden volop zitplaats<\/p>\n<\/div>\n<h3>Droomhuis gezocht<\/h3>\n<p>&#8220;Oh ja, ook leuk,&#8221;, bedenkt Pepijn zich, &#8220;<a href=\"https:\/\/www.belvilla.nl\/vakantiehuizen\/chalet-st-johann-in-tirol-10-personen-AT-6380-16?utm_medium=social-p&amp;utm_source=blog-nl&amp;utm_campaign=2015-08-28\" target=\"_blank\" rel=\"noopener\">Chalet Eichenhof in St. Johann in Tirol<\/a> was\u00a0het afgelopen seizoen\u00a0\u00e9\u00e9n van de\u00a0winnaars van het populaire tv-programma &#8216;Droomhuis gezocht&#8217; bij omroep Max.\u00a0Het is een typisch Oostenrijks, nieuw chalet, met een eigentijds interieur\u00a0met veel hout\u00a0en een perfecte ligging direct aan de piste.\u00a0Hier kun je echt van ski-in ski-out spreken!&#8221;<\/p>\n<h3>Jan Smit en &#8216;De Winter Voorbij&#8217;<\/h3>\n<p>&#8220;Een andere tv-ster is ons <a href=\"https:\/\/www.belvilla.nl\/?utm_medium=social-p\" target=\"_blank\" rel=\"noopener\">groepshuis in Kirchberg<\/a> waar je met 28 personen kan verblijven.\u00a0Afgelopen\u00a0februari\u00a0logeerde Jan Smit hier met zijn crew voor het tv-programma &#8216;De Winter Voorbij&#8217;. Het is een heerlijk groot huis met typisch Oostenrijkse details en prachtig uitzicht net buiten Kirchberg.&#8221;<\/p>\n<div id=\"attachment_5708\" style=\"width: 902px\" class=\"wp-caption aligncenter\"><a href=\"https:\/\/www.belvilla.nl\/?utm_medium=social-p\" target=\"_blank\" rel=\"noopener\"><img loading=\"lazy\" decoding=\"async\" src=\"https:\/\/www.belvilla.nl\/blog\/wp-content\/uploads\/sites\/6\/2015\/08\/groepshuis-Kirchberg-Tirol-Oostenrijk-Belvilla-vakantiehuizen.jpg\" alt=\"groepswoning bioscoop Kirchberg Tirol Belvilla vakantiehuizen\" width=\"892\" height=\"595\" class=\"aligncenter size-medium wp-image-6630\" \/><\/a><\/p>\n<p id=\"caption-attachment-5708\" class=\"wp-caption-text\">Wat een uitzicht bij deze groepswoning net buiten Kirchberg!<\/p>\n<\/div>\n<div id=\"attachment_5709\" style=\"width: 902px\" class=\"wp-caption aligncenter\"><a href=\"https:\/\/www.belvilla.nl\/?utm_medium=social-p\" target=\"_blank\" rel=\"noopener\"><img loading=\"lazy\" decoding=\"async\" src=\"https:\/\/www.belvilla.nl\/blog\/wp-content\/uploads\/sites\/6\/2015\/08\/groepshuis-speeltoestellen-Kirchberg-Tirol-Oostenrijk-Belvilla-vakantiehuizen.jpg\" alt=\"groepswoning bioscoop Kirchberg Tirol Belvilla vakantiehuizen\" width=\"892\" height=\"595\" class=\"aligncenter size-medium wp-image-6631\" \/><\/a><\/p>\n<p id=\"caption-attachment-5709\" class=\"wp-caption-text\">Fijn voor gezinnen met kinderen: in de tuin staan speeltoestellen!<\/p>\n<\/div>\n<div id=\"attachment_5707\" style=\"width: 902px\" class=\"wp-caption aligncenter\"><a href=\"https:\/\/www.belvilla.nl\/?utm_medium=social-p\" target=\"_blank\" rel=\"noopener\"><img loading=\"lazy\" decoding=\"async\" src=\"https:\/\/www.belvilla.nl\/blog\/wp-content\/uploads\/sites\/6\/2015\/08\/groepshuis-eetkamer-Kirchberg-Tirol-Oostenrijk-Belvilla-vakantiehuizen.jpg\" alt=\"groepswoning bioscoop Kirchberg Tirol Belvilla vakantiehuizen\" width=\"892\" height=\"595\" class=\"aligncenter size-medium wp-image-6632\" \/><\/a><\/p>\n<p id=\"caption-attachment-5707\" class=\"wp-caption-text\">Ook in dit groepshuis tref je de warme Oostenrijkse sfeer<\/p>\n<\/div>\n<h2>Megagrote vakantiewoning<\/h2>\n<p>&#8220;Wil je eens met een nog grotere groep naar een luxe huis, dan kan ik je\u00a0de <a href=\"https:\/\/www.belvilla.nl\/?utm_medium=social-p\" target=\"_blank\" rel=\"noopener\">groepswoning Weinberghof<\/a>\u00a0aanraden.\u00a0Dit enorme vakantiehuis biedt plaats aan 45 personen, heeft 25 slaapkamers en 14\u00a0badkamers.\u00a0Bovendien zijn\u00a0 er\u00a0heel veel extra\u2019s zoals een sauna, een Turks stoombad, een biljartkamer en zelfs een eigen bioscoop! Mocht je dus met heel de familie, je vriendengroep, de complete straat of je voltallige voetbalteam met aanhang en kinderen naar Oostenrijk willen; hier moet je zijn!&#8221;, lacht Pepijn.<\/p>\n<div id=\"attachment_5711\" style=\"width: 902px\" class=\"wp-caption aligncenter\"><a href=\"https:\/\/www.belvilla.nl\/?utm_medium=social-p\" target=\"_blank\" rel=\"noopener\"><img loading=\"lazy\" decoding=\"async\" src=\"https:\/\/www.belvilla.nl\/blog\/wp-content\/uploads\/sites\/6\/2015\/08\/groepswoning-Kirchberg-Tirol-Belvilla-vakantiehuizen.jpg\" alt=\"groepswoning bioscoop Kirchberg Tirol Belvilla vakantiehuizen\" width=\"892\" height=\"634\" class=\"aligncenter size-medium wp-image-6633\" \/><\/a><\/p>\n<p id=\"caption-attachment-5711\" class=\"wp-caption-text\">Dit megagrote groepshuis in Kirchberg biedt plaats aan 45 personen!<\/p>\n<\/div>\n<div id=\"attachment_5712\" style=\"width: 902px\" class=\"wp-caption aligncenter\"><a href=\"https:\/\/www.belvilla.nl\/?utm_medium=social-p\" target=\"_blank\" rel=\"noopener\"><img loading=\"lazy\" decoding=\"async\" src=\"https:\/\/www.belvilla.nl\/blog\/wp-content\/uploads\/sites\/6\/2015\/08\/groepswoning-sauna-Kirchberg-Tirol-Belvilla-vakantiehuizen.jpg\" alt=\"groepswoning bioscoop Kirchberg Tirol Belvilla vakantiehuizen\" width=\"892\" height=\"595\" class=\"aligncenter size-medium wp-image-6634\" \/><\/a><\/p>\n<p id=\"caption-attachment-5712\" class=\"wp-caption-text\">Wat dacht je van een eigen wellnessruimte met sauna en Turks stoombad?<\/p>\n<\/div>\n<div id=\"attachment_5710\" style=\"width: 902px\" class=\"wp-caption aligncenter\"><a href=\"https:\/\/www.belvilla.nl\/?utm_medium=social-p\" target=\"_blank\" rel=\"noopener\"><img loading=\"lazy\" decoding=\"async\" src=\"https:\/\/www.belvilla.nl\/blog\/wp-content\/uploads\/sites\/6\/2015\/08\/groepswoning-bioscoop-Kirchberg-Tirol-Belvilla-vakantiehuizen.jpg\" alt=\"groepswoning bioscoop Kirchberg Tirol Belvilla vakantiehuizen\" width=\"892\" height=\"595\" class=\"aligncenter size-medium wp-image-6635\" \/><\/a><\/p>\n<p id=\"caption-attachment-5710\" class=\"wp-caption-text\">Als klap op de vuurpijl heb je in deze groepswoning zelfs je eigen bioscoop!<\/p>\n<\/div>\n<h2>Trends in Oostenrijk<\/h2>\n<p>Op de vraag\u00a0welke trends\u00a0Pepijn\u00a0ziet in Oostenrijk, vertelt hij: &#8220;In Oostenrijk wordt nog steeds volop ge\u00efnvesteerd in verbetering en vergroting van de skigebieden, denk maar eens aan het\u00a0<a href=\"https:\/\/www.belvilla.nl\/wintersport-chalet-oostenrijk\/chalets-saalbach-hinterglemm\/?utm_medium=social-p&amp;utm_source=blog-nl&amp;utm_campaign=2015-08-28\" target=\"_blank\" rel=\"noopener\">Skicircus Saalbach-Hinterglemm<\/a> dat dit jaar met de uitbreiding van Fieberbrunn het grootste aaneengesloten <a href=\"https:\/\/www.belvilla.nl\/blog\/wintersport-tsjechie\/\">skigebied<\/a> van heel Oostenijk wordt. Dat zorgt natuurlijk weer voor nieuwbouw van huizen en chalets. Je merkt ook dat er meer vraag komt naar luxe, zoals bijvoorbeeld huizen met meerdere badkamers en <a href=\"https:\/\/www.belvilla.nl\/search\/?filters%5Bcountry_id%5D=143&amp;searchType=COUNTRY\" target=\"_blank\" rel=\"noopener\">chalets met sauna<\/a>. En wat een must have is: WIFI. Gelukkig is ruim 80% van onze\u00a0Oostenrijkse woningen een <a href=\"https:\/\/www.belvilla.nl\/search\/?filters%5Bcountry_id%5D=143&amp;searchType=COUNTRY\" target=\"_blank\" rel=\"noopener\">vakantiehuis met internet<\/a>!\u00a0Het Oostenrijks verkeersbureau zorgt op haar beurt dat\u00a0een <a href=\"https:\/\/www.belvilla.nl\/vakantiehuis-alpen\/?utm_medium=social-p&amp;utm_source=blog-nl&amp;utm_campaign=2015-08-28\" target=\"_blank\" rel=\"noopener\">zomervakantie in Oostenrijk<\/a> een eigentijdser imago krijgt, waardoor ook jongeren en actieve gezinnen dit land\u00a0in dat seizoen\u00a0ontdekken.&#8221;<\/p>\n<h2>Gruess Gott<\/h2>\n<p>&#8220;Ik ben nu op weg naar Lienz waar ik zo meteen een sollicitatiegesprek heb met een potenti\u00eble subagent in Karinthi\u00eb. Kunnen we ook daar weer ons aanbod versterken! Gruess Gott, auf Wiedersehen!&#8221;, sluit Pepijn af.<\/p>\n","protected":false},"excerpt":{"rendered":"<p>Blik bij Belvilla &#8211; Oostenrijkexpert Pepijn Zijsling Wintersportliefhebber, Oostenrijkkenner, chaletspecialist; het zijn enkele woorden die onze collega Pepijn Zijsling typeren.&hellip;<\/p>\n","protected":false},"author":1,"featured_media":6637,"comment_status":"open","ping_status":"open","sticky":false,"template":"","format":"standard","meta":{"footnotes":""},"categories":[106,121,107,108,132,93,114,109,99,128,131],"tags":[],"location":[],"class_list":["post-6636","post","type-post","status-publish","format-standard","has-post-thumbnail","hentry","category-belgie","category-binnenkijken-bij","category-duitsland","category-frankrijk","category-gastblog","category-inspiratie","category-italie","category-nederland","category-oostenrijk","category-toplijstjes","category-vakantiehuizen"],"acf":[],"yoast_head":"<!-- This site is optimized with the Yoast SEO plugin v27.5 - https:\/\/yoast.com\/product\/yoast-seo-wordpress\/ -->\n<title>Topper in Oostenrijk | Belvilla Blog<\/title>\n<meta name=\"description\" content=\"Als grootste aanbieder van vakantiehuizen in Oostenrijk zijn we altijd op zoek naar nog meer passend aanbod. Daar zorgt collega Pepijn met zijn team voor.\" \/>\n<meta name=\"robots\" content=\"index, follow, max-snippet:-1, max-image-preview:large, max-video-preview:-1\" \/>\n<link rel=\"canonical\" href=\"https:\/\/www.belvilla.nl\/blog\/topper-in-oostenrijk\/\" \/>\n<meta property=\"og:locale\" content=\"nl_NL\" \/>\n<meta property=\"og:type\" content=\"article\" \/>\n<meta property=\"og:title\" content=\"Topper in Oostenrijk | Belvilla Blog\" \/>\n<meta property=\"og:description\" content=\"Als grootste aanbieder van vakantiehuizen in Oostenrijk zijn we altijd op zoek naar nog meer passend aanbod. Daar zorgt collega Pepijn met zijn team voor.\" \/>\n<meta property=\"og:url\" content=\"https:\/\/www.belvilla.nl\/blog\/topper-in-oostenrijk\/\" \/>\n<meta property=\"og:site_name\" content=\"Belvilla Blog NL\" \/>\n<meta property=\"article:published_time\" content=\"2022-12-13T15:52:28+00:00\" \/>\n<meta property=\"article:modified_time\" content=\"2023-10-22T10:58:08+00:00\" \/>\n<meta property=\"og:image\" content=\"https:\/\/www.belvilla.nl\/blog\/wp-content\/uploads\/sites\/6\/2015\/08\/Pepijn-Zijsling-Oostenrijk-Belvilla-vakantiehuizen.jpg\" \/>\n\t<meta property=\"og:image:width\" content=\"892\" \/>\n\t<meta property=\"og:image:height\" content=\"595\" \/>\n\t<meta property=\"og:image:type\" content=\"image\/jpeg\" \/>\n<meta name=\"author\" content=\"Viktar\" \/>\n<meta name=\"twitter:card\" content=\"summary_large_image\" \/>\n<meta name=\"twitter:label1\" content=\"Geschreven door\" \/>\n\t<meta name=\"twitter:data1\" content=\"Viktar\" \/>\n\t<meta name=\"twitter:label2\" content=\"Geschatte leestijd\" \/>\n\t<meta name=\"twitter:data2\" content=\"6 minuten\" \/>\n<script type=\"application\/ld+json\" class=\"yoast-schema-graph\">{\"@context\":\"https:\\\/\\\/schema.org\",\"@graph\":[{\"@type\":\"Article\",\"@id\":\"https:\\\/\\\/www.belvilla.nl\\\/blog\\\/topper-in-oostenrijk\\\/#article\",\"isPartOf\":{\"@id\":\"https:\\\/\\\/www.belvilla.nl\\\/blog\\\/topper-in-oostenrijk\\\/\"},\"author\":{\"name\":\"Viktar\",\"@id\":\"https:\\\/\\\/www.belvilla.nl\\\/blog\\\/#\\\/schema\\\/person\\\/7a68da0f1f5100cf652f73311fea426f\"},\"headline\":\"Topper in Oostenrijk\",\"datePublished\":\"2022-12-13T15:52:28+00:00\",\"dateModified\":\"2023-10-22T10:58:08+00:00\",\"mainEntityOfPage\":{\"@id\":\"https:\\\/\\\/www.belvilla.nl\\\/blog\\\/topper-in-oostenrijk\\\/\"},\"wordCount\":1299,\"commentCount\":0,\"image\":{\"@id\":\"https:\\\/\\\/www.belvilla.nl\\\/blog\\\/topper-in-oostenrijk\\\/#primaryimage\"},\"thumbnailUrl\":\"https:\\\/\\\/www.belvilla.nl\\\/blog\\\/wp-content\\\/uploads\\\/sites\\\/6\\\/2015\\\/08\\\/Pepijn-Zijsling-Oostenrijk-Belvilla-vakantiehuizen.jpg\",\"articleSection\":[\"Belgi\u00eb\",\"Binnenkijken bij\",\"Duitsland\",\"Frankrijk\",\"Gastblog\",\"Inspiratie\",\"Itali\u00eb\",\"Nederland\",\"Oostenrijk\",\"Toplijstjes\",\"Vakantiehuizen\"],\"inLanguage\":\"nl-NL\",\"potentialAction\":[{\"@type\":\"CommentAction\",\"name\":\"Comment\",\"target\":[\"https:\\\/\\\/www.belvilla.nl\\\/blog\\\/topper-in-oostenrijk\\\/#respond\"]}]},{\"@type\":\"WebPage\",\"@id\":\"https:\\\/\\\/www.belvilla.nl\\\/blog\\\/topper-in-oostenrijk\\\/\",\"url\":\"https:\\\/\\\/www.belvilla.nl\\\/blog\\\/topper-in-oostenrijk\\\/\",\"name\":\"Topper in Oostenrijk | Belvilla Blog\",\"isPartOf\":{\"@id\":\"https:\\\/\\\/www.belvilla.nl\\\/blog\\\/#website\"},\"primaryImageOfPage\":{\"@id\":\"https:\\\/\\\/www.belvilla.nl\\\/blog\\\/topper-in-oostenrijk\\\/#primaryimage\"},\"image\":{\"@id\":\"https:\\\/\\\/www.belvilla.nl\\\/blog\\\/topper-in-oostenrijk\\\/#primaryimage\"},\"thumbnailUrl\":\"https:\\\/\\\/www.belvilla.nl\\\/blog\\\/wp-content\\\/uploads\\\/sites\\\/6\\\/2015\\\/08\\\/Pepijn-Zijsling-Oostenrijk-Belvilla-vakantiehuizen.jpg\",\"datePublished\":\"2022-12-13T15:52:28+00:00\",\"dateModified\":\"2023-10-22T10:58:08+00:00\",\"author\":{\"@id\":\"https:\\\/\\\/www.belvilla.nl\\\/blog\\\/#\\\/schema\\\/person\\\/7a68da0f1f5100cf652f73311fea426f\"},\"description\":\"Als grootste aanbieder van vakantiehuizen in Oostenrijk zijn we altijd op zoek naar nog meer passend aanbod. Daar zorgt collega Pepijn met zijn team voor.\",\"breadcrumb\":{\"@id\":\"https:\\\/\\\/www.belvilla.nl\\\/blog\\\/topper-in-oostenrijk\\\/#breadcrumb\"},\"inLanguage\":\"nl-NL\",\"potentialAction\":[{\"@type\":\"ReadAction\",\"target\":[\"https:\\\/\\\/www.belvilla.nl\\\/blog\\\/topper-in-oostenrijk\\\/\"]}]},{\"@type\":\"ImageObject\",\"inLanguage\":\"nl-NL\",\"@id\":\"https:\\\/\\\/www.belvilla.nl\\\/blog\\\/topper-in-oostenrijk\\\/#primaryimage\",\"url\":\"https:\\\/\\\/www.belvilla.nl\\\/blog\\\/wp-content\\\/uploads\\\/sites\\\/6\\\/2015\\\/08\\\/Pepijn-Zijsling-Oostenrijk-Belvilla-vakantiehuizen.jpg\",\"contentUrl\":\"https:\\\/\\\/www.belvilla.nl\\\/blog\\\/wp-content\\\/uploads\\\/sites\\\/6\\\/2015\\\/08\\\/Pepijn-Zijsling-Oostenrijk-Belvilla-vakantiehuizen.jpg\",\"width\":892,\"height\":595},{\"@type\":\"BreadcrumbList\",\"@id\":\"https:\\\/\\\/www.belvilla.nl\\\/blog\\\/topper-in-oostenrijk\\\/#breadcrumb\",\"itemListElement\":[{\"@type\":\"ListItem\",\"position\":1,\"name\":\"Home\",\"item\":\"https:\\\/\\\/www.belvilla.nl\\\/blog\\\/\"},{\"@type\":\"ListItem\",\"position\":2,\"name\":\"Topper in Oostenrijk\"}]},{\"@type\":\"WebSite\",\"@id\":\"https:\\\/\\\/www.belvilla.nl\\\/blog\\\/#website\",\"url\":\"https:\\\/\\\/www.belvilla.nl\\\/blog\\\/\",\"name\":\"Belvilla Blog NL\",\"description\":\"\",\"potentialAction\":[{\"@type\":\"SearchAction\",\"target\":{\"@type\":\"EntryPoint\",\"urlTemplate\":\"https:\\\/\\\/www.belvilla.nl\\\/blog\\\/?s={search_term_string}\"},\"query-input\":{\"@type\":\"PropertyValueSpecification\",\"valueRequired\":true,\"valueName\":\"search_term_string\"}}],\"inLanguage\":\"nl-NL\"},{\"@type\":\"Person\",\"@id\":\"https:\\\/\\\/www.belvilla.nl\\\/blog\\\/#\\\/schema\\\/person\\\/7a68da0f1f5100cf652f73311fea426f\",\"name\":\"Viktar\",\"image\":{\"@type\":\"ImageObject\",\"inLanguage\":\"nl-NL\",\"@id\":\"https:\\\/\\\/secure.gravatar.com\\\/avatar\\\/2769e1632bd460b1d7344ee3c118c77f263dd790438ee92c44c552e0e33630c0?s=96&d=mm&r=g\",\"url\":\"https:\\\/\\\/secure.gravatar.com\\\/avatar\\\/2769e1632bd460b1d7344ee3c118c77f263dd790438ee92c44c552e0e33630c0?s=96&d=mm&r=g\",\"contentUrl\":\"https:\\\/\\\/secure.gravatar.com\\\/avatar\\\/2769e1632bd460b1d7344ee3c118c77f263dd790438ee92c44c552e0e33630c0?s=96&d=mm&r=g\",\"caption\":\"Viktar\"},\"sameAs\":[\"https:\\\/\\\/oyomon.in\"]}]}<\/script>\n<!-- \/ Yoast SEO plugin. -->","yoast_head_json":{"title":"Topper in Oostenrijk | Belvilla Blog","description":"Als grootste aanbieder van vakantiehuizen in Oostenrijk zijn we altijd op zoek naar nog meer passend aanbod. Daar zorgt collega Pepijn met zijn team voor.","robots":{"index":"index","follow":"follow","max-snippet":"max-snippet:-1","max-image-preview":"max-image-preview:large","max-video-preview":"max-video-preview:-1"},"canonical":"https:\/\/www.belvilla.nl\/blog\/topper-in-oostenrijk\/","og_locale":"nl_NL","og_type":"article","og_title":"Topper in Oostenrijk | Belvilla Blog","og_description":"Als grootste aanbieder van vakantiehuizen in Oostenrijk zijn we altijd op zoek naar nog meer passend aanbod. Daar zorgt collega Pepijn met zijn team voor.","og_url":"https:\/\/www.belvilla.nl\/blog\/topper-in-oostenrijk\/","og_site_name":"Belvilla Blog NL","article_published_time":"2022-12-13T15:52:28+00:00","article_modified_time":"2023-10-22T10:58:08+00:00","og_image":[{"width":892,"height":595,"url":"https:\/\/www.belvilla.nl\/blog\/wp-content\/uploads\/sites\/6\/2015\/08\/Pepijn-Zijsling-Oostenrijk-Belvilla-vakantiehuizen.jpg","type":"image\/jpeg"}],"author":"Viktar","twitter_card":"summary_large_image","twitter_misc":{"Geschreven door":"Viktar","Geschatte leestijd":"6 minuten"},"schema":{"@context":"https:\/\/schema.org","@graph":[{"@type":"Article","@id":"https:\/\/www.belvilla.nl\/blog\/topper-in-oostenrijk\/#article","isPartOf":{"@id":"https:\/\/www.belvilla.nl\/blog\/topper-in-oostenrijk\/"},"author":{"name":"Viktar","@id":"https:\/\/www.belvilla.nl\/blog\/#\/schema\/person\/7a68da0f1f5100cf652f73311fea426f"},"headline":"Topper in Oostenrijk","datePublished":"2022-12-13T15:52:28+00:00","dateModified":"2023-10-22T10:58:08+00:00","mainEntityOfPage":{"@id":"https:\/\/www.belvilla.nl\/blog\/topper-in-oostenrijk\/"},"wordCount":1299,"commentCount":0,"image":{"@id":"https:\/\/www.belvilla.nl\/blog\/topper-in-oostenrijk\/#primaryimage"},"thumbnailUrl":"https:\/\/www.belvilla.nl\/blog\/wp-content\/uploads\/sites\/6\/2015\/08\/Pepijn-Zijsling-Oostenrijk-Belvilla-vakantiehuizen.jpg","articleSection":["Belgi\u00eb","Binnenkijken bij","Duitsland","Frankrijk","Gastblog","Inspiratie","Itali\u00eb","Nederland","Oostenrijk","Toplijstjes","Vakantiehuizen"],"inLanguage":"nl-NL","potentialAction":[{"@type":"CommentAction","name":"Comment","target":["https:\/\/www.belvilla.nl\/blog\/topper-in-oostenrijk\/#respond"]}]},{"@type":"WebPage","@id":"https:\/\/www.belvilla.nl\/blog\/topper-in-oostenrijk\/","url":"https:\/\/www.belvilla.nl\/blog\/topper-in-oostenrijk\/","name":"Topper in Oostenrijk | Belvilla Blog","isPartOf":{"@id":"https:\/\/www.belvilla.nl\/blog\/#website"},"primaryImageOfPage":{"@id":"https:\/\/www.belvilla.nl\/blog\/topper-in-oostenrijk\/#primaryimage"},"image":{"@id":"https:\/\/www.belvilla.nl\/blog\/topper-in-oostenrijk\/#primaryimage"},"thumbnailUrl":"https:\/\/www.belvilla.nl\/blog\/wp-content\/uploads\/sites\/6\/2015\/08\/Pepijn-Zijsling-Oostenrijk-Belvilla-vakantiehuizen.jpg","datePublished":"2022-12-13T15:52:28+00:00","dateModified":"2023-10-22T10:58:08+00:00","author":{"@id":"https:\/\/www.belvilla.nl\/blog\/#\/schema\/person\/7a68da0f1f5100cf652f73311fea426f"},"description":"Als grootste aanbieder van vakantiehuizen in Oostenrijk zijn we altijd op zoek naar nog meer passend aanbod. Daar zorgt collega Pepijn met zijn team voor.","breadcrumb":{"@id":"https:\/\/www.belvilla.nl\/blog\/topper-in-oostenrijk\/#breadcrumb"},"inLanguage":"nl-NL","potentialAction":[{"@type":"ReadAction","target":["https:\/\/www.belvilla.nl\/blog\/topper-in-oostenrijk\/"]}]},{"@type":"ImageObject","inLanguage":"nl-NL","@id":"https:\/\/www.belvilla.nl\/blog\/topper-in-oostenrijk\/#primaryimage","url":"https:\/\/www.belvilla.nl\/blog\/wp-content\/uploads\/sites\/6\/2015\/08\/Pepijn-Zijsling-Oostenrijk-Belvilla-vakantiehuizen.jpg","contentUrl":"https:\/\/www.belvilla.nl\/blog\/wp-content\/uploads\/sites\/6\/2015\/08\/Pepijn-Zijsling-Oostenrijk-Belvilla-vakantiehuizen.jpg","width":892,"height":595},{"@type":"BreadcrumbList","@id":"https:\/\/www.belvilla.nl\/blog\/topper-in-oostenrijk\/#breadcrumb","itemListElement":[{"@type":"ListItem","position":1,"name":"Home","item":"https:\/\/www.belvilla.nl\/blog\/"},{"@type":"ListItem","position":2,"name":"Topper in Oostenrijk"}]},{"@type":"WebSite","@id":"https:\/\/www.belvilla.nl\/blog\/#website","url":"https:\/\/www.belvilla.nl\/blog\/","name":"Belvilla Blog NL","description":"","potentialAction":[{"@type":"SearchAction","target":{"@type":"EntryPoint","urlTemplate":"https:\/\/www.belvilla.nl\/blog\/?s={search_term_string}"},"query-input":{"@type":"PropertyValueSpecification","valueRequired":true,"valueName":"search_term_string"}}],"inLanguage":"nl-NL"},{"@type":"Person","@id":"https:\/\/www.belvilla.nl\/blog\/#\/schema\/person\/7a68da0f1f5100cf652f73311fea426f","name":"Viktar","image":{"@type":"ImageObject","inLanguage":"nl-NL","@id":"https:\/\/secure.gravatar.com\/avatar\/2769e1632bd460b1d7344ee3c118c77f263dd790438ee92c44c552e0e33630c0?s=96&d=mm&r=g","url":"https:\/\/secure.gravatar.com\/avatar\/2769e1632bd460b1d7344ee3c118c77f263dd790438ee92c44c552e0e33630c0?s=96&d=mm&r=g","contentUrl":"https:\/\/secure.gravatar.com\/avatar\/2769e1632bd460b1d7344ee3c118c77f263dd790438ee92c44c552e0e33630c0?s=96&d=mm&r=g","caption":"Viktar"},"sameAs":["https:\/\/oyomon.in"]}]}},"_links":{"self":[{"href":"https:\/\/www.belvilla.nl\/blog\/wp-json\/wp\/v2\/posts\/6636","targetHints":{"allow":["GET"]}}],"collection":[{"href":"https:\/\/www.belvilla.nl\/blog\/wp-json\/wp\/v2\/posts"}],"about":[{"href":"https:\/\/www.belvilla.nl\/blog\/wp-json\/wp\/v2\/types\/post"}],"author":[{"embeddable":true,"href":"https:\/\/www.belvilla.nl\/blog\/wp-json\/wp\/v2\/users\/1"}],"replies":[{"embeddable":true,"href":"https:\/\/www.belvilla.nl\/blog\/wp-json\/wp\/v2\/comments?post=6636"}],"version-history":[{"count":2,"href":"https:\/\/www.belvilla.nl\/blog\/wp-json\/wp\/v2\/posts\/6636\/revisions"}],"predecessor-version":[{"id":13154,"href":"https:\/\/www.belvilla.nl\/blog\/wp-json\/wp\/v2\/posts\/6636\/revisions\/13154"}],"wp:featuredmedia":[{"embeddable":true,"href":"https:\/\/www.belvilla.nl\/blog\/wp-json\/wp\/v2\/media\/6637"}],"wp:attachment":[{"href":"https:\/\/www.belvilla.nl\/blog\/wp-json\/wp\/v2\/media?parent=6636"}],"wp:term":[{"taxonomy":"category","embeddable":true,"href":"https:\/\/www.belvilla.nl\/blog\/wp-json\/wp\/v2\/categories?post=6636"},{"taxonomy":"post_tag","embeddable":true,"href":"https:\/\/www.belvilla.nl\/blog\/wp-json\/wp\/v2\/tags?post=6636"},{"taxonomy":"location","embeddable":true,"href":"https:\/\/www.belvilla.nl\/blog\/wp-json\/wp\/v2\/location?post=6636"}],"curies":[{"name":"wp","href":"https:\/\/api.w.org\/{rel}","templated":true}]}}