{"id":6324,"date":"2017-05-07T00:00:00","date_gmt":"2022-12-13T15:51:51","guid":{"rendered":"https:\/\/www.belvilla.nl\/blog\/?p=6324"},"modified":"2023-10-22T11:17:10","modified_gmt":"2023-10-22T11:17:10","slug":"vlaams-gastblog-naar-provencaalse-markt","status":"publish","type":"post","link":"https:\/\/www.belvilla.nl\/blog\/vlaams-gastblog-naar-provencaalse-markt\/","title":{"rendered":"Vlaams gastblog: Naar de Proven\u00e7aalse markt"},"content":{"rendered":"\n<p>Elke <a href=\"https:\/\/www.belvilla.nl\/blog\/stedentrip-zuid-frankrijk\/\">zomer<\/a> trekken honderdduizenden Vlamingen en Nederlanders naar de <a href=\"https:\/\/www.belvilla.nl\/vakantiehuis-provence\/?utm_medium=social-p&amp;utm_source=bv-blog-nl&amp;utm_campaign=naar-de-provencaalse-markt&amp;utm_content=20170507\" target=\"_blank\" rel=\"noopener noreferrer\">Provence<\/a>, waar vakantiehuizen in letterlijk alle prijscategorie\u00ebn om aandacht lonken. Maar wat zijn nu de beste marktjes? En kun je eigenlijk enkel tijdens de zomermaanden zo\u2019n verzamelplaats van koopwaar bezoeken?<\/p>\n<p>Eerst dit: er is niet \u00e9\u00e9n type Proven\u00e7aalse markt. Net zoals er geen overkoepelende organisatie of vereniging is die de markten beheert. Een markt groeit vanuit de schoot van een dorp of gemeenschap en gaat vaak tientallen jaren terug, toen de <a href=\"https:\/\/www.belvilla.nl\/vakantiehuis-provence\/?utm_medium=social-p&amp;utm_source=bv-blog-nl&amp;utm_campaign=naar-de-provencaalse-markt&amp;utm_content=20170507\" target=\"_blank\" rel=\"noopener noreferrer\">Provence<\/a> nauwelijks of geen toeristen kende. Het was en is voor vele inwoners nog steeds de ideale plek om verse inkopen te doen en tegelijk ook het knooppunt van het sociale leven. Grofweg vind je op elke Proven\u00e7aalse markt de volgende artikelen: groente en fruit, charcuterie, olijven, lokale kazen, olijfolie, jam, honing, zeep, lavendel, wijn, gedroogde kruiden, kip aan het spit, maar ook bijvoorbeeld tafellinnen, kleding, kunst en poterie.<\/p>\n<h3>Op vrijdag: de markt van Lourmarin (Lub\u00e9ron)<\/h3>\n<p>Sinds de publicatie van het boek \u2018Een jaar in de Provence\u2019 door Peter Mayle, zo\u2019n 25 jaar geleden, is het hek van de dam in de Lub\u00e9ron. Werkelijk iedereen wil de relatief kleine vallei met dorpjes als <a href=\"https:\/\/www.belvilla.nl\/search\/?filters[country_id]=74&amp;searchType=COUNTRY\" target=\"_blank\" rel=\"noopener noreferrer\">Gordes<\/a>, <a href=\"https:\/\/www.belvilla.nl\/search\/?filters[country_id]=74&amp;searchType=COUNTRY\" target=\"_blank\" rel=\"noopener noreferrer\">Lacoste<\/a> en Bonnieux bezoeken. De regio is bijzonder schilderachtig en pittoresk, de kwintessens van wat doorgaans onder het begrip \u2018Provence\u2019 begrepen wordt. Op vrijdag kun je er naar de markt van Lourmarin, een dorp met heel wat kunstgalerijen. En als je er toch in de buurt bent, rijd dan door naar Bonnieux voor een blik over de vallei, of trek naar het dorpsplein van Lauris waar je in de tuin van het kasteel je picknick kunt verorberen.<\/p>\n<p><img loading=\"lazy\" decoding=\"async\" src=\"https:\/\/www.belvilla.nl\/blog\/wp-content\/uploads\/sites\/6\/2017\/05\/Olijven-markt-Frankrijk-1096x683.jpg\" alt=\"\" width=\"1096\" height=\"683\" class=\"aligncenter size-medium wp-image-6321\" \/><\/p>\n<h3>Op zaterdag: de markt in Pernes-les-Fontaines<\/h3>\n<p>De Proven\u00e7aalse marktjes zijn de ideale plek om boodschappen te doen en streekproducten aan te schaffen. Naargelang het seizoen varieert dat van verse asperges tot kersen en abrikozen of olijven en geitenkaas. Het is ook een aanrader om er aankopen te doen vooraleer je terugkeert naar <a href=\"https:\/\/www.belvilla.nl\/vakantiehuis-belgie\/?utm_medium=social-p&amp;utm_source=bv-blog-nl&amp;utm_campaign=naar-de-provencaalse-markt&amp;utm_content=20170507\" target=\"_blank\" rel=\"noopener noreferrer\">Belgi\u00eb<\/a> of <a href=\"https:\/\/www.belvilla.nl\/vakantiehuis-nederland\/?utm_medium=social-p&amp;utm_source=bv-blog-nl&amp;utm_campaign=naar-de-provencaalse-markt&amp;utm_content=20170507\" target=\"_blank\" rel=\"noopener noreferrer\">Nederland<\/a>. Je vindt er originele geschenkjes voor vrienden thuis, van olijfolie tot de beroemde poterie de Crestet. Dit is een relatief kleine markt, met stalletjes aan de oever van de rivier Nesque.<\/p>\n<p><img loading=\"lazy\" decoding=\"async\" src=\"https:\/\/www.belvilla.nl\/blog\/wp-content\/uploads\/sites\/6\/2017\/05\/Tapenade-markt-Provence-1096x683.jpg\" alt=\"\" width=\"1096\" height=\"683\" class=\"aligncenter size-medium wp-image-6322\" \/><\/p>\n<h3>Op zaterdag: de markt van Apt<\/h3>\n<p>Deze markt werd onlangs nog verkozen als een van de beste in <a href=\"https:\/\/www.belvilla.nl\/vakantiehuis-frankrijk\/?utm_medium=social-p&amp;utm_source=bv-blog-nl&amp;utm_campaign=naar-de-provencaalse-markt&amp;utm_content=20170507\" target=\"_blank\" rel=\"noopener noreferrer\">Frankrijk<\/a>, en dat is geheel terecht. Is het de meest typische? Dat misschien niet, maar wel de meest volledige \u00e9n de meest bruisende. De stalletjes staan niet op \u00e9\u00e9n plein opgesteld, je vindt ze in de vele nauwe straatjes van het historische hart van het stadje. Als je denkt dat je aan het einde bent, draai je weer een hoek om en wacht een nieuwe belevenis. Apt heeft nogal wat inwoners die oorspronkelijk uit de maghreb afkomstig zijn, en dus is dit het walhalla voor Marokkaans platbrood en mierzoete patisserie! In de buurt vind je overigens Saint-Saturnin-les-Apt, waar straks vanaf juni de allermooiste lavendelvelden in bloei staan.<\/p>\n<h3>Op zaterdag, maar opgelet! De truffelmarkt van Richerenches<\/h3>\n<p>Klaar voor een heerlijke \u2018omelette aux truffes\u2019? Die vind je natuurlijk alleen maar in de gezellige buurtcaf\u00e9s van Carpentras en Richerenches! Maar opgelet: laat je niet kisten! De Tuber melanosporum, of de zwarte truffel, is een puur winterproduct! Je vindt het zwarte goud dus alleen van het late najaar tot het vroege voorjaar. Al wie je tijdens de zomer wintertruffel wilt verkopen, heeft die ofwel diepgevroren of probeert je de veel goedkopere zomertruffel te verslijten. En die zijn dan vaak ook nog eens ingevoerd uit China! Ook in de oergezellige en zo ambachtelijke Provence hebben ze hier en daar helaas de smaak van bankbriefjes te pakken.<\/p>\n<p><img loading=\"lazy\" decoding=\"async\" src=\"https:\/\/www.belvilla.nl\/blog\/wp-content\/uploads\/sites\/6\/2017\/05\/Groentemarkt-Frankrijk-1096x683.jpg\" alt=\"\" width=\"1096\" height=\"683\" class=\"aligncenter size-medium wp-image-6323\" \/><\/p>\n<h3>Op zondag: de antiekmarkt van Isle sur la Sorgue<\/h3>\n<p>We weten het helaas maar al te goed. Je komt aan op je bestemming, pakt alles netjes uit in je vakantiewoning en wil meteen in de keuken aan de slag met die heerlijke Proven\u00e7aalse producten. Maar waar vind je in hemelsnaam een markt op zondag? Wel, hier is het antwoord: de antiekmarkt van Isle sur la Sorgue. Aan de overkant van de rivier, en dat weten vele mensen niet, vind je net zo\u2019n grote markt vol lekkernijen, zodat je meteen je eerste lokale inkopen kunt doen. En als je er dan toch bent, neem dan ook even een kijkje tussen de antiekwaar. Isle sur la Sorgue is het antiekhart van <a href=\"https:\/\/www.belvilla.nl\/vakantiehuis-zuid-frankrijk\/?utm_medium=social-p&amp;utm_source=bv-blog-nl&amp;utm_campaign=naar-de-provencaalse-markt&amp;utm_content=20170507\" target=\"_blank\" rel=\"noopener noreferrer\">Zuid-Frankrijk<\/a>, en enkel in Parijs z\u00e9lf vind je een nog groter aanbod. Waarop wacht je nog?<\/p>\n","protected":false},"excerpt":{"rendered":"<p>Elke zomer trekken honderdduizenden Vlamingen en Nederlanders naar de Provence, waar vakantiehuizen in letterlijk alle prijscategorie\u00ebn om aandacht lonken. Maar&hellip;<\/p>\n","protected":false},"author":1,"featured_media":6325,"comment_status":"open","ping_status":"open","sticky":false,"template":"","format":"standard","meta":{"footnotes":""},"categories":[94,106,102,108,132,93,97,99,139,104],"tags":[],"location":[],"class_list":["post-6324","post","type-post","status-publish","format-standard","has-post-thumbnail","hentry","category-actief","category-belgie","category-eten-drinken","category-frankrijk","category-gastblog","category-inspiratie","category-natuur","category-oostenrijk","category-stedentrips","category-tips"],"acf":[],"yoast_head":"<!-- This site is optimized with the Yoast SEO plugin v27.5 - https:\/\/yoast.com\/product\/yoast-seo-wordpress\/ -->\n<title>Vlaams gastblog: Naar de Proven\u00e7aalse markt | Belvilla Blog<\/title>\n<meta name=\"robots\" content=\"index, follow, max-snippet:-1, max-image-preview:large, max-video-preview:-1\" \/>\n<link rel=\"canonical\" href=\"https:\/\/www.belvilla.nl\/blog\/vlaams-gastblog-naar-provencaalse-markt\/\" \/>\n<meta property=\"og:locale\" content=\"nl_NL\" \/>\n<meta property=\"og:type\" content=\"article\" \/>\n<meta property=\"og:title\" content=\"Vlaams gastblog: Naar de Proven\u00e7aalse markt | Belvilla Blog\" \/>\n<meta property=\"og:description\" content=\"Elke zomer trekken honderdduizenden Vlamingen en Nederlanders naar de Provence, waar vakantiehuizen in letterlijk alle prijscategorie\u00ebn om aandacht lonken. Maar&hellip;\" \/>\n<meta property=\"og:url\" content=\"https:\/\/www.belvilla.nl\/blog\/vlaams-gastblog-naar-provencaalse-markt\/\" \/>\n<meta property=\"og:site_name\" content=\"Belvilla Blog NL\" \/>\n<meta property=\"article:published_time\" content=\"2022-12-13T15:51:51+00:00\" \/>\n<meta property=\"article:modified_time\" content=\"2023-10-22T11:17:10+00:00\" \/>\n<meta property=\"og:image\" content=\"https:\/\/www.belvilla.nl\/blog\/wp-content\/uploads\/sites\/6\/2017\/05\/Markt-Provence.jpg\" \/>\n\t<meta property=\"og:image:width\" content=\"1240\" \/>\n\t<meta property=\"og:image:height\" content=\"483\" \/>\n\t<meta property=\"og:image:type\" content=\"image\/jpeg\" \/>\n<meta name=\"author\" content=\"Viktar\" \/>\n<meta name=\"twitter:card\" content=\"summary_large_image\" \/>\n<meta name=\"twitter:label1\" content=\"Geschreven door\" \/>\n\t<meta name=\"twitter:data1\" content=\"Viktar\" \/>\n\t<meta name=\"twitter:label2\" content=\"Geschatte leestijd\" \/>\n\t<meta name=\"twitter:data2\" content=\"4 minuten\" \/>\n<script type=\"application\/ld+json\" class=\"yoast-schema-graph\">{\"@context\":\"https:\\\/\\\/schema.org\",\"@graph\":[{\"@type\":\"Article\",\"@id\":\"https:\\\/\\\/www.belvilla.nl\\\/blog\\\/vlaams-gastblog-naar-provencaalse-markt\\\/#article\",\"isPartOf\":{\"@id\":\"https:\\\/\\\/www.belvilla.nl\\\/blog\\\/vlaams-gastblog-naar-provencaalse-markt\\\/\"},\"author\":{\"name\":\"Viktar\",\"@id\":\"https:\\\/\\\/www.belvilla.nl\\\/blog\\\/#\\\/schema\\\/person\\\/7a68da0f1f5100cf652f73311fea426f\"},\"headline\":\"Vlaams gastblog: Naar de Proven\u00e7aalse markt\",\"datePublished\":\"2022-12-13T15:51:51+00:00\",\"dateModified\":\"2023-10-22T11:17:10+00:00\",\"mainEntityOfPage\":{\"@id\":\"https:\\\/\\\/www.belvilla.nl\\\/blog\\\/vlaams-gastblog-naar-provencaalse-markt\\\/\"},\"wordCount\":749,\"commentCount\":0,\"image\":{\"@id\":\"https:\\\/\\\/www.belvilla.nl\\\/blog\\\/vlaams-gastblog-naar-provencaalse-markt\\\/#primaryimage\"},\"thumbnailUrl\":\"https:\\\/\\\/www.belvilla.nl\\\/blog\\\/wp-content\\\/uploads\\\/sites\\\/6\\\/2017\\\/05\\\/Markt-Provence.jpg\",\"articleSection\":[\"Actief\",\"Belgi\u00eb\",\"Eten &amp; drinken\",\"Frankrijk\",\"Gastblog\",\"Inspiratie\",\"Natuur\",\"Oostenrijk\",\"Stedentrips\",\"Tips\"],\"inLanguage\":\"nl-NL\",\"potentialAction\":[{\"@type\":\"CommentAction\",\"name\":\"Comment\",\"target\":[\"https:\\\/\\\/www.belvilla.nl\\\/blog\\\/vlaams-gastblog-naar-provencaalse-markt\\\/#respond\"]}]},{\"@type\":\"WebPage\",\"@id\":\"https:\\\/\\\/www.belvilla.nl\\\/blog\\\/vlaams-gastblog-naar-provencaalse-markt\\\/\",\"url\":\"https:\\\/\\\/www.belvilla.nl\\\/blog\\\/vlaams-gastblog-naar-provencaalse-markt\\\/\",\"name\":\"Vlaams gastblog: Naar de Proven\u00e7aalse markt | Belvilla Blog\",\"isPartOf\":{\"@id\":\"https:\\\/\\\/www.belvilla.nl\\\/blog\\\/#website\"},\"primaryImageOfPage\":{\"@id\":\"https:\\\/\\\/www.belvilla.nl\\\/blog\\\/vlaams-gastblog-naar-provencaalse-markt\\\/#primaryimage\"},\"image\":{\"@id\":\"https:\\\/\\\/www.belvilla.nl\\\/blog\\\/vlaams-gastblog-naar-provencaalse-markt\\\/#primaryimage\"},\"thumbnailUrl\":\"https:\\\/\\\/www.belvilla.nl\\\/blog\\\/wp-content\\\/uploads\\\/sites\\\/6\\\/2017\\\/05\\\/Markt-Provence.jpg\",\"datePublished\":\"2022-12-13T15:51:51+00:00\",\"dateModified\":\"2023-10-22T11:17:10+00:00\",\"author\":{\"@id\":\"https:\\\/\\\/www.belvilla.nl\\\/blog\\\/#\\\/schema\\\/person\\\/7a68da0f1f5100cf652f73311fea426f\"},\"breadcrumb\":{\"@id\":\"https:\\\/\\\/www.belvilla.nl\\\/blog\\\/vlaams-gastblog-naar-provencaalse-markt\\\/#breadcrumb\"},\"inLanguage\":\"nl-NL\",\"potentialAction\":[{\"@type\":\"ReadAction\",\"target\":[\"https:\\\/\\\/www.belvilla.nl\\\/blog\\\/vlaams-gastblog-naar-provencaalse-markt\\\/\"]}]},{\"@type\":\"ImageObject\",\"inLanguage\":\"nl-NL\",\"@id\":\"https:\\\/\\\/www.belvilla.nl\\\/blog\\\/vlaams-gastblog-naar-provencaalse-markt\\\/#primaryimage\",\"url\":\"https:\\\/\\\/www.belvilla.nl\\\/blog\\\/wp-content\\\/uploads\\\/sites\\\/6\\\/2017\\\/05\\\/Markt-Provence.jpg\",\"contentUrl\":\"https:\\\/\\\/www.belvilla.nl\\\/blog\\\/wp-content\\\/uploads\\\/sites\\\/6\\\/2017\\\/05\\\/Markt-Provence.jpg\",\"width\":1240,\"height\":483},{\"@type\":\"BreadcrumbList\",\"@id\":\"https:\\\/\\\/www.belvilla.nl\\\/blog\\\/vlaams-gastblog-naar-provencaalse-markt\\\/#breadcrumb\",\"itemListElement\":[{\"@type\":\"ListItem\",\"position\":1,\"name\":\"Home\",\"item\":\"https:\\\/\\\/www.belvilla.nl\\\/blog\\\/\"},{\"@type\":\"ListItem\",\"position\":2,\"name\":\"Vlaams gastblog: Naar de Proven\u00e7aalse markt\"}]},{\"@type\":\"WebSite\",\"@id\":\"https:\\\/\\\/www.belvilla.nl\\\/blog\\\/#website\",\"url\":\"https:\\\/\\\/www.belvilla.nl\\\/blog\\\/\",\"name\":\"Belvilla Blog NL\",\"description\":\"\",\"potentialAction\":[{\"@type\":\"SearchAction\",\"target\":{\"@type\":\"EntryPoint\",\"urlTemplate\":\"https:\\\/\\\/www.belvilla.nl\\\/blog\\\/?s={search_term_string}\"},\"query-input\":{\"@type\":\"PropertyValueSpecification\",\"valueRequired\":true,\"valueName\":\"search_term_string\"}}],\"inLanguage\":\"nl-NL\"},{\"@type\":\"Person\",\"@id\":\"https:\\\/\\\/www.belvilla.nl\\\/blog\\\/#\\\/schema\\\/person\\\/7a68da0f1f5100cf652f73311fea426f\",\"name\":\"Viktar\",\"image\":{\"@type\":\"ImageObject\",\"inLanguage\":\"nl-NL\",\"@id\":\"https:\\\/\\\/secure.gravatar.com\\\/avatar\\\/2769e1632bd460b1d7344ee3c118c77f263dd790438ee92c44c552e0e33630c0?s=96&d=mm&r=g\",\"url\":\"https:\\\/\\\/secure.gravatar.com\\\/avatar\\\/2769e1632bd460b1d7344ee3c118c77f263dd790438ee92c44c552e0e33630c0?s=96&d=mm&r=g\",\"contentUrl\":\"https:\\\/\\\/secure.gravatar.com\\\/avatar\\\/2769e1632bd460b1d7344ee3c118c77f263dd790438ee92c44c552e0e33630c0?s=96&d=mm&r=g\",\"caption\":\"Viktar\"},\"sameAs\":[\"https:\\\/\\\/oyomon.in\"]}]}<\/script>\n<!-- \/ Yoast SEO plugin. -->","yoast_head_json":{"title":"Vlaams gastblog: Naar de Proven\u00e7aalse markt | Belvilla Blog","robots":{"index":"index","follow":"follow","max-snippet":"max-snippet:-1","max-image-preview":"max-image-preview:large","max-video-preview":"max-video-preview:-1"},"canonical":"https:\/\/www.belvilla.nl\/blog\/vlaams-gastblog-naar-provencaalse-markt\/","og_locale":"nl_NL","og_type":"article","og_title":"Vlaams gastblog: Naar de Proven\u00e7aalse markt | Belvilla Blog","og_description":"Elke zomer trekken honderdduizenden Vlamingen en Nederlanders naar de Provence, waar vakantiehuizen in letterlijk alle prijscategorie\u00ebn om aandacht lonken. Maar&hellip;","og_url":"https:\/\/www.belvilla.nl\/blog\/vlaams-gastblog-naar-provencaalse-markt\/","og_site_name":"Belvilla Blog NL","article_published_time":"2022-12-13T15:51:51+00:00","article_modified_time":"2023-10-22T11:17:10+00:00","og_image":[{"width":1240,"height":483,"url":"https:\/\/www.belvilla.nl\/blog\/wp-content\/uploads\/sites\/6\/2017\/05\/Markt-Provence.jpg","type":"image\/jpeg"}],"author":"Viktar","twitter_card":"summary_large_image","twitter_misc":{"Geschreven door":"Viktar","Geschatte leestijd":"4 minuten"},"schema":{"@context":"https:\/\/schema.org","@graph":[{"@type":"Article","@id":"https:\/\/www.belvilla.nl\/blog\/vlaams-gastblog-naar-provencaalse-markt\/#article","isPartOf":{"@id":"https:\/\/www.belvilla.nl\/blog\/vlaams-gastblog-naar-provencaalse-markt\/"},"author":{"name":"Viktar","@id":"https:\/\/www.belvilla.nl\/blog\/#\/schema\/person\/7a68da0f1f5100cf652f73311fea426f"},"headline":"Vlaams gastblog: Naar de Proven\u00e7aalse markt","datePublished":"2022-12-13T15:51:51+00:00","dateModified":"2023-10-22T11:17:10+00:00","mainEntityOfPage":{"@id":"https:\/\/www.belvilla.nl\/blog\/vlaams-gastblog-naar-provencaalse-markt\/"},"wordCount":749,"commentCount":0,"image":{"@id":"https:\/\/www.belvilla.nl\/blog\/vlaams-gastblog-naar-provencaalse-markt\/#primaryimage"},"thumbnailUrl":"https:\/\/www.belvilla.nl\/blog\/wp-content\/uploads\/sites\/6\/2017\/05\/Markt-Provence.jpg","articleSection":["Actief","Belgi\u00eb","Eten &amp; drinken","Frankrijk","Gastblog","Inspiratie","Natuur","Oostenrijk","Stedentrips","Tips"],"inLanguage":"nl-NL","potentialAction":[{"@type":"CommentAction","name":"Comment","target":["https:\/\/www.belvilla.nl\/blog\/vlaams-gastblog-naar-provencaalse-markt\/#respond"]}]},{"@type":"WebPage","@id":"https:\/\/www.belvilla.nl\/blog\/vlaams-gastblog-naar-provencaalse-markt\/","url":"https:\/\/www.belvilla.nl\/blog\/vlaams-gastblog-naar-provencaalse-markt\/","name":"Vlaams gastblog: Naar de Proven\u00e7aalse markt | Belvilla Blog","isPartOf":{"@id":"https:\/\/www.belvilla.nl\/blog\/#website"},"primaryImageOfPage":{"@id":"https:\/\/www.belvilla.nl\/blog\/vlaams-gastblog-naar-provencaalse-markt\/#primaryimage"},"image":{"@id":"https:\/\/www.belvilla.nl\/blog\/vlaams-gastblog-naar-provencaalse-markt\/#primaryimage"},"thumbnailUrl":"https:\/\/www.belvilla.nl\/blog\/wp-content\/uploads\/sites\/6\/2017\/05\/Markt-Provence.jpg","datePublished":"2022-12-13T15:51:51+00:00","dateModified":"2023-10-22T11:17:10+00:00","author":{"@id":"https:\/\/www.belvilla.nl\/blog\/#\/schema\/person\/7a68da0f1f5100cf652f73311fea426f"},"breadcrumb":{"@id":"https:\/\/www.belvilla.nl\/blog\/vlaams-gastblog-naar-provencaalse-markt\/#breadcrumb"},"inLanguage":"nl-NL","potentialAction":[{"@type":"ReadAction","target":["https:\/\/www.belvilla.nl\/blog\/vlaams-gastblog-naar-provencaalse-markt\/"]}]},{"@type":"ImageObject","inLanguage":"nl-NL","@id":"https:\/\/www.belvilla.nl\/blog\/vlaams-gastblog-naar-provencaalse-markt\/#primaryimage","url":"https:\/\/www.belvilla.nl\/blog\/wp-content\/uploads\/sites\/6\/2017\/05\/Markt-Provence.jpg","contentUrl":"https:\/\/www.belvilla.nl\/blog\/wp-content\/uploads\/sites\/6\/2017\/05\/Markt-Provence.jpg","width":1240,"height":483},{"@type":"BreadcrumbList","@id":"https:\/\/www.belvilla.nl\/blog\/vlaams-gastblog-naar-provencaalse-markt\/#breadcrumb","itemListElement":[{"@type":"ListItem","position":1,"name":"Home","item":"https:\/\/www.belvilla.nl\/blog\/"},{"@type":"ListItem","position":2,"name":"Vlaams gastblog: Naar de Proven\u00e7aalse markt"}]},{"@type":"WebSite","@id":"https:\/\/www.belvilla.nl\/blog\/#website","url":"https:\/\/www.belvilla.nl\/blog\/","name":"Belvilla Blog NL","description":"","potentialAction":[{"@type":"SearchAction","target":{"@type":"EntryPoint","urlTemplate":"https:\/\/www.belvilla.nl\/blog\/?s={search_term_string}"},"query-input":{"@type":"PropertyValueSpecification","valueRequired":true,"valueName":"search_term_string"}}],"inLanguage":"nl-NL"},{"@type":"Person","@id":"https:\/\/www.belvilla.nl\/blog\/#\/schema\/person\/7a68da0f1f5100cf652f73311fea426f","name":"Viktar","image":{"@type":"ImageObject","inLanguage":"nl-NL","@id":"https:\/\/secure.gravatar.com\/avatar\/2769e1632bd460b1d7344ee3c118c77f263dd790438ee92c44c552e0e33630c0?s=96&d=mm&r=g","url":"https:\/\/secure.gravatar.com\/avatar\/2769e1632bd460b1d7344ee3c118c77f263dd790438ee92c44c552e0e33630c0?s=96&d=mm&r=g","contentUrl":"https:\/\/secure.gravatar.com\/avatar\/2769e1632bd460b1d7344ee3c118c77f263dd790438ee92c44c552e0e33630c0?s=96&d=mm&r=g","caption":"Viktar"},"sameAs":["https:\/\/oyomon.in"]}]}},"_links":{"self":[{"href":"https:\/\/www.belvilla.nl\/blog\/wp-json\/wp\/v2\/posts\/6324","targetHints":{"allow":["GET"]}}],"collection":[{"href":"https:\/\/www.belvilla.nl\/blog\/wp-json\/wp\/v2\/posts"}],"about":[{"href":"https:\/\/www.belvilla.nl\/blog\/wp-json\/wp\/v2\/types\/post"}],"author":[{"embeddable":true,"href":"https:\/\/www.belvilla.nl\/blog\/wp-json\/wp\/v2\/users\/1"}],"replies":[{"embeddable":true,"href":"https:\/\/www.belvilla.nl\/blog\/wp-json\/wp\/v2\/comments?post=6324"}],"version-history":[{"count":4,"href":"https:\/\/www.belvilla.nl\/blog\/wp-json\/wp\/v2\/posts\/6324\/revisions"}],"predecessor-version":[{"id":13344,"href":"https:\/\/www.belvilla.nl\/blog\/wp-json\/wp\/v2\/posts\/6324\/revisions\/13344"}],"wp:featuredmedia":[{"embeddable":true,"href":"https:\/\/www.belvilla.nl\/blog\/wp-json\/wp\/v2\/media\/6325"}],"wp:attachment":[{"href":"https:\/\/www.belvilla.nl\/blog\/wp-json\/wp\/v2\/media?parent=6324"}],"wp:term":[{"taxonomy":"category","embeddable":true,"href":"https:\/\/www.belvilla.nl\/blog\/wp-json\/wp\/v2\/categories?post=6324"},{"taxonomy":"post_tag","embeddable":true,"href":"https:\/\/www.belvilla.nl\/blog\/wp-json\/wp\/v2\/tags?post=6324"},{"taxonomy":"location","embeddable":true,"href":"https:\/\/www.belvilla.nl\/blog\/wp-json\/wp\/v2\/location?post=6324"}],"curies":[{"name":"wp","href":"https:\/\/api.w.org\/{rel}","templated":true}]}}