{"id":5675,"date":"2019-07-03T00:00:00","date_gmt":"2022-12-13T15:42:58","guid":{"rendered":"https:\/\/www.belvilla.nl\/blog\/?p=5675"},"modified":"2023-10-22T11:05:19","modified_gmt":"2023-10-22T11:05:19","slug":"bijzonder-overnachten-in-de-ardennen-in-deze-boerderij","status":"publish","type":"post","link":"https:\/\/www.belvilla.nl\/blog\/bijzonder-overnachten-in-de-ardennen-in-deze-boerderij\/","title":{"rendered":"Bijzondere Belvilla: overnachten in de Ardennen"},"content":{"rendered":"<p>Trakteer jezelf en je reisgezelschap op een onvergetelijke ervaring, proef het boerenleven en kom logeren in deze sfeervolle boerderij. Een verblijf in <strong>La Merveille<\/strong> belooft een unieke beleving. Dat is pas bijzonder overnachten in de <strong><a href=\"https:\/\/www.belvilla.nl\/vakantiehuis-ardennen-belgie\/?utm_medium=social-p&amp;utm_source=bv-blog-nl&amp;utm_campaign=bijzonder-overnachten-in-de-ardennen-in-deze-boerderij&amp;utm_content=20190703\" target=\"_blank\" rel=\"noreferrer noopener\">Belgische Ardennen<\/a><\/strong> !<\/p>\n<h3>Slapen op de boerderij in Durbuy Ardennen<\/h3>\n<p>In het binnenland van Belgi\u00eb, midden in de Ardennen, staat dit bijzondere object dat verbazing wekt. Het is een knusse <strong>boerderij<\/strong> dat met veel inspiratie en plezier is ingericht! Een verblijf in deze sprookjesachtige woning kan niet eens gekarakteriseerd worden als een mooie ervaring; het is een <strong>belevenis<\/strong>! Met maximaal 7 personen ben je welkom om hier bijzonder te overnachten in de Ardennen. De unieke boerderij is in landelijke stijl ingericht.<\/p>\n<h3>De unieke inrichting van dit bijzondere vakantiehuis<\/h3>\n<figure class=\"wp-block-image\"><img loading=\"lazy\" decoding=\"async\" class=\"aligncenter wp-image-5672 size-medium\" src=\"https:\/\/www.belvilla.nl\/blog\/wp-content\/uploads\/sites\/6\/2019\/06\/Unieke-inrichting-vakantiehuis-Ardennen-Belgie-1096x683.jpg\" alt=\"Unieke inrichting vakantiehuis La Merveille\" width=\"1096\" height=\"683\"><\/figure>\n<p>Droom je even mee? Bij binnenkomst staan je ogen versteld en lijkt het net of je zojuist een <strong>grot<\/strong> bent binnengestapt! In de ruime hal zie je direct de houtkachel in de vorm van een motorblok. Loop naar boven via de gave trap die als een rotspartij omhoog slingert. En is de unieke eettafel je al opgevallen? Deze staat aan \u00e9\u00e9n kant op de grond, want aan de andere kant is de tafel opgehangen! Verder zijn de keuken, badkamers en <strong>sauna<\/strong> in dezelfde stijl opgemaakt. Maar hier hoef je zeker niet in te leveren op <strong>luxe en comfort<\/strong>, want de prachtige boerderij is voorzien van alle nodige moderne voorzieningen.<\/p>\n<h3>Ontdek de omgeving van je vakantiehuis in de Ardennen<\/h3>\n<figure class=\"wp-block-image\"><img loading=\"lazy\" decoding=\"async\" class=\"aligncenter wp-image-5673 size-medium\" src=\"https:\/\/www.belvilla.nl\/blog\/wp-content\/uploads\/sites\/6\/2019\/06\/Megalieten-van-Weris-Ardennen-1096x683.jpg\" alt=\"Megalieten van W\u00e9ris\" width=\"1096\" height=\"683\"><\/figure>\n<p>De sfeervolle boerderij is gelegen in een <strong>pittoresk dorpje<\/strong> midden in de velden rond de prehistorische megalieten van W\u00e9ris. W\u00e9ris is een dorpje dat is uitgeroepen tot \u00e9\u00e9n van de mooiste dorpen van Walloni\u00eb en staat bekend om zijn oeroude megalieten, dolmen en menhirs. De omgeving met glooiende panorama\u2019s van velden en bossen biedt de uitgelezen kans om deze legendarische stenen te bezichtigen tijdens een <strong>wandel- of fietstocht<\/strong>!<\/p>\n<h3>Uitstapjes vanuit je vakantiehuis in de Ardennen<\/h3>\n<figure class=\"wp-block-image\"><img loading=\"lazy\" decoding=\"async\" class=\"aligncenter wp-image-5674 size-medium\" src=\"https:\/\/www.belvilla.nl\/blog\/wp-content\/uploads\/sites\/6\/2019\/06\/Verken-Durbuy-tijdens-je-vakantie-in-de-Belgische-Ardennen-1096x683.jpg\" alt=\"Durbuy\" width=\"1096\" height=\"683\"><\/figure>\n<p>Vlak bij de boerderij, op slechts 8 km afstand, ligt het bekende stadje <strong>Durbuy<\/strong>. Slenter door de middeleeuwse straatjes en pleinen en rust uit in \u00e9\u00e9n van de talrijke restaurants, terrasjes en caf\u00e9s. Hier geniet je van het typische vakantiegevoel onder het genot van een heerlijk Belgisch biertje! Ook <strong>avonturiers<\/strong> of <strong><a href=\"https:\/\/www.belvilla.nl\/vakantiehuis-kinderen\/?utm_medium=social-p&amp;utm_source=bv-blog-nl&amp;utm_campaign=bijzonder-overnachten-in-de-ardennen-in-deze-boerderij&amp;utm_content=20190703\" target=\"_blank\" rel=\"noreferrer noopener\" aria-label=\"gezinnen met kinderen (opens in a new tab)\">gezinnen met kinderen<\/a><\/strong> leven zich in deze streek uit met mogelijkheden tot kajakken, raften en zelfs ski\u00ebn in de winter. Ook de grotten van Hotton, het Labyrint van Barvaux en het Domein van Hottemme is zeker een bezoek waard tijdens je verblijf op de boerderij in de Ardennen!<\/p>\n<p style=\"text-align: center\"><a href=\"https:\/\/www.belvilla.nl\/be\/100002914\/\"><strong>Bekijk deze boerderi<\/strong><\/a><\/p>\n","protected":false},"excerpt":{"rendered":"<p>Trakteer jezelf en je reisgezelschap op een onvergetelijke ervaring, proef het boerenleven en kom logeren in deze sfeervolle boerderij. Een&hellip;<\/p>\n","protected":false},"author":1,"featured_media":11114,"comment_status":"open","ping_status":"open","sticky":false,"template":"","format":"standard","meta":{"footnotes":""},"categories":[130,105,106,123,93,97,137],"tags":[],"location":[],"class_list":["post-5675","post","type-post","status-publish","format-standard","has-post-thumbnail","hentry","category-ardennen","category-beleven","category-belgie","category-bijzondere-belvillas","category-inspiratie","category-natuur","category-vakantiehuis-met-verhaal"],"acf":[],"yoast_head":"<!-- This site is optimized with the Yoast SEO plugin v27.5 - https:\/\/yoast.com\/product\/yoast-seo-wordpress\/ -->\n<title>Bijzondere Belvilla: overnachten in de Ardennen | Belvilla<\/title>\n<meta name=\"description\" content=\"Een verblijf in deze avontuurlijke boerderij belooft een unieke beleving. Dat is pas bijzonder overnachten in de Belgische Ardennen!\" \/>\n<meta name=\"robots\" content=\"index, follow, max-snippet:-1, max-image-preview:large, max-video-preview:-1\" \/>\n<link rel=\"canonical\" href=\"https:\/\/www.belvilla.nl\/blog\/bijzonder-overnachten-in-de-ardennen-in-deze-boerderij\/\" \/>\n<meta property=\"og:locale\" content=\"nl_NL\" \/>\n<meta property=\"og:type\" content=\"article\" \/>\n<meta property=\"og:title\" content=\"Bijzondere Belvilla: overnachten in de Ardennen | Belvilla\" \/>\n<meta property=\"og:description\" content=\"Een verblijf in deze avontuurlijke boerderij belooft een unieke beleving. Dat is pas bijzonder overnachten in de Belgische Ardennen!\" \/>\n<meta property=\"og:url\" content=\"https:\/\/www.belvilla.nl\/blog\/bijzonder-overnachten-in-de-ardennen-in-deze-boerderij\/\" \/>\n<meta property=\"og:site_name\" content=\"Belvilla Blog NL\" \/>\n<meta property=\"article:published_time\" content=\"2022-12-13T15:42:58+00:00\" \/>\n<meta property=\"article:modified_time\" content=\"2023-10-22T11:05:19+00:00\" \/>\n<meta property=\"og:image\" content=\"https:\/\/www.belvilla.nl\/blog\/wp-content\/uploads\/sites\/6\/2019\/07\/d694f320.f10.webp\" \/>\n\t<meta property=\"og:image:width\" content=\"1024\" \/>\n\t<meta property=\"og:image:height\" content=\"683\" \/>\n\t<meta property=\"og:image:type\" content=\"image\/webp\" \/>\n<meta name=\"author\" content=\"Viktar\" \/>\n<meta name=\"twitter:card\" content=\"summary_large_image\" \/>\n<meta name=\"twitter:label1\" content=\"Geschreven door\" \/>\n\t<meta name=\"twitter:data1\" content=\"Viktar\" \/>\n\t<meta name=\"twitter:label2\" content=\"Geschatte leestijd\" \/>\n\t<meta name=\"twitter:data2\" content=\"3 minuten\" \/>\n<script type=\"application\/ld+json\" class=\"yoast-schema-graph\">{\"@context\":\"https:\\\/\\\/schema.org\",\"@graph\":[{\"@type\":\"Article\",\"@id\":\"https:\\\/\\\/www.belvilla.nl\\\/blog\\\/bijzonder-overnachten-in-de-ardennen-in-deze-boerderij\\\/#article\",\"isPartOf\":{\"@id\":\"https:\\\/\\\/www.belvilla.nl\\\/blog\\\/bijzonder-overnachten-in-de-ardennen-in-deze-boerderij\\\/\"},\"author\":{\"name\":\"Viktar\",\"@id\":\"https:\\\/\\\/www.belvilla.nl\\\/blog\\\/#\\\/schema\\\/person\\\/7a68da0f1f5100cf652f73311fea426f\"},\"headline\":\"Bijzondere Belvilla: overnachten in de Ardennen\",\"datePublished\":\"2022-12-13T15:42:58+00:00\",\"dateModified\":\"2023-10-22T11:05:19+00:00\",\"mainEntityOfPage\":{\"@id\":\"https:\\\/\\\/www.belvilla.nl\\\/blog\\\/bijzonder-overnachten-in-de-ardennen-in-deze-boerderij\\\/\"},\"wordCount\":426,\"commentCount\":0,\"image\":{\"@id\":\"https:\\\/\\\/www.belvilla.nl\\\/blog\\\/bijzonder-overnachten-in-de-ardennen-in-deze-boerderij\\\/#primaryimage\"},\"thumbnailUrl\":\"https:\\\/\\\/www.belvilla.nl\\\/blog\\\/wp-content\\\/uploads\\\/sites\\\/6\\\/2019\\\/07\\\/d694f320.f10.webp\",\"articleSection\":[\"Ardennen\",\"Beleven\",\"Belgi\u00eb\",\"Bijzondere Belvilla's\",\"Inspiratie\",\"Natuur\",\"Vakantiehuis met verhaal\"],\"inLanguage\":\"nl-NL\",\"potentialAction\":[{\"@type\":\"CommentAction\",\"name\":\"Comment\",\"target\":[\"https:\\\/\\\/www.belvilla.nl\\\/blog\\\/bijzonder-overnachten-in-de-ardennen-in-deze-boerderij\\\/#respond\"]}]},{\"@type\":\"WebPage\",\"@id\":\"https:\\\/\\\/www.belvilla.nl\\\/blog\\\/bijzonder-overnachten-in-de-ardennen-in-deze-boerderij\\\/\",\"url\":\"https:\\\/\\\/www.belvilla.nl\\\/blog\\\/bijzonder-overnachten-in-de-ardennen-in-deze-boerderij\\\/\",\"name\":\"Bijzondere Belvilla: overnachten in de Ardennen | Belvilla\",\"isPartOf\":{\"@id\":\"https:\\\/\\\/www.belvilla.nl\\\/blog\\\/#website\"},\"primaryImageOfPage\":{\"@id\":\"https:\\\/\\\/www.belvilla.nl\\\/blog\\\/bijzonder-overnachten-in-de-ardennen-in-deze-boerderij\\\/#primaryimage\"},\"image\":{\"@id\":\"https:\\\/\\\/www.belvilla.nl\\\/blog\\\/bijzonder-overnachten-in-de-ardennen-in-deze-boerderij\\\/#primaryimage\"},\"thumbnailUrl\":\"https:\\\/\\\/www.belvilla.nl\\\/blog\\\/wp-content\\\/uploads\\\/sites\\\/6\\\/2019\\\/07\\\/d694f320.f10.webp\",\"datePublished\":\"2022-12-13T15:42:58+00:00\",\"dateModified\":\"2023-10-22T11:05:19+00:00\",\"author\":{\"@id\":\"https:\\\/\\\/www.belvilla.nl\\\/blog\\\/#\\\/schema\\\/person\\\/7a68da0f1f5100cf652f73311fea426f\"},\"description\":\"Een verblijf in deze avontuurlijke boerderij belooft een unieke beleving. Dat is pas bijzonder overnachten in de Belgische Ardennen!\",\"breadcrumb\":{\"@id\":\"https:\\\/\\\/www.belvilla.nl\\\/blog\\\/bijzonder-overnachten-in-de-ardennen-in-deze-boerderij\\\/#breadcrumb\"},\"inLanguage\":\"nl-NL\",\"potentialAction\":[{\"@type\":\"ReadAction\",\"target\":[\"https:\\\/\\\/www.belvilla.nl\\\/blog\\\/bijzonder-overnachten-in-de-ardennen-in-deze-boerderij\\\/\"]}]},{\"@type\":\"ImageObject\",\"inLanguage\":\"nl-NL\",\"@id\":\"https:\\\/\\\/www.belvilla.nl\\\/blog\\\/bijzonder-overnachten-in-de-ardennen-in-deze-boerderij\\\/#primaryimage\",\"url\":\"https:\\\/\\\/www.belvilla.nl\\\/blog\\\/wp-content\\\/uploads\\\/sites\\\/6\\\/2019\\\/07\\\/d694f320.f10.webp\",\"contentUrl\":\"https:\\\/\\\/www.belvilla.nl\\\/blog\\\/wp-content\\\/uploads\\\/sites\\\/6\\\/2019\\\/07\\\/d694f320.f10.webp\",\"width\":1024,\"height\":683,\"caption\":\"Vakantiehuis La Merveille in de Belgische Ardennen\"},{\"@type\":\"BreadcrumbList\",\"@id\":\"https:\\\/\\\/www.belvilla.nl\\\/blog\\\/bijzonder-overnachten-in-de-ardennen-in-deze-boerderij\\\/#breadcrumb\",\"itemListElement\":[{\"@type\":\"ListItem\",\"position\":1,\"name\":\"Home\",\"item\":\"https:\\\/\\\/www.belvilla.nl\\\/blog\\\/\"},{\"@type\":\"ListItem\",\"position\":2,\"name\":\"Bijzondere Belvilla: overnachten in de Ardennen\"}]},{\"@type\":\"WebSite\",\"@id\":\"https:\\\/\\\/www.belvilla.nl\\\/blog\\\/#website\",\"url\":\"https:\\\/\\\/www.belvilla.nl\\\/blog\\\/\",\"name\":\"Belvilla Blog NL\",\"description\":\"\",\"potentialAction\":[{\"@type\":\"SearchAction\",\"target\":{\"@type\":\"EntryPoint\",\"urlTemplate\":\"https:\\\/\\\/www.belvilla.nl\\\/blog\\\/?s={search_term_string}\"},\"query-input\":{\"@type\":\"PropertyValueSpecification\",\"valueRequired\":true,\"valueName\":\"search_term_string\"}}],\"inLanguage\":\"nl-NL\"},{\"@type\":\"Person\",\"@id\":\"https:\\\/\\\/www.belvilla.nl\\\/blog\\\/#\\\/schema\\\/person\\\/7a68da0f1f5100cf652f73311fea426f\",\"name\":\"Viktar\",\"image\":{\"@type\":\"ImageObject\",\"inLanguage\":\"nl-NL\",\"@id\":\"https:\\\/\\\/secure.gravatar.com\\\/avatar\\\/2769e1632bd460b1d7344ee3c118c77f263dd790438ee92c44c552e0e33630c0?s=96&d=mm&r=g\",\"url\":\"https:\\\/\\\/secure.gravatar.com\\\/avatar\\\/2769e1632bd460b1d7344ee3c118c77f263dd790438ee92c44c552e0e33630c0?s=96&d=mm&r=g\",\"contentUrl\":\"https:\\\/\\\/secure.gravatar.com\\\/avatar\\\/2769e1632bd460b1d7344ee3c118c77f263dd790438ee92c44c552e0e33630c0?s=96&d=mm&r=g\",\"caption\":\"Viktar\"},\"sameAs\":[\"https:\\\/\\\/oyomon.in\"]}]}<\/script>\n<!-- \/ Yoast SEO plugin. -->","yoast_head_json":{"title":"Bijzondere Belvilla: overnachten in de Ardennen | Belvilla","description":"Een verblijf in deze avontuurlijke boerderij belooft een unieke beleving. Dat is pas bijzonder overnachten in de Belgische Ardennen!","robots":{"index":"index","follow":"follow","max-snippet":"max-snippet:-1","max-image-preview":"max-image-preview:large","max-video-preview":"max-video-preview:-1"},"canonical":"https:\/\/www.belvilla.nl\/blog\/bijzonder-overnachten-in-de-ardennen-in-deze-boerderij\/","og_locale":"nl_NL","og_type":"article","og_title":"Bijzondere Belvilla: overnachten in de Ardennen | Belvilla","og_description":"Een verblijf in deze avontuurlijke boerderij belooft een unieke beleving. Dat is pas bijzonder overnachten in de Belgische Ardennen!","og_url":"https:\/\/www.belvilla.nl\/blog\/bijzonder-overnachten-in-de-ardennen-in-deze-boerderij\/","og_site_name":"Belvilla Blog NL","article_published_time":"2022-12-13T15:42:58+00:00","article_modified_time":"2023-10-22T11:05:19+00:00","og_image":[{"width":1024,"height":683,"url":"https:\/\/www.belvilla.nl\/blog\/wp-content\/uploads\/sites\/6\/2019\/07\/d694f320.f10.webp","type":"image\/webp"}],"author":"Viktar","twitter_card":"summary_large_image","twitter_misc":{"Geschreven door":"Viktar","Geschatte leestijd":"3 minuten"},"schema":{"@context":"https:\/\/schema.org","@graph":[{"@type":"Article","@id":"https:\/\/www.belvilla.nl\/blog\/bijzonder-overnachten-in-de-ardennen-in-deze-boerderij\/#article","isPartOf":{"@id":"https:\/\/www.belvilla.nl\/blog\/bijzonder-overnachten-in-de-ardennen-in-deze-boerderij\/"},"author":{"name":"Viktar","@id":"https:\/\/www.belvilla.nl\/blog\/#\/schema\/person\/7a68da0f1f5100cf652f73311fea426f"},"headline":"Bijzondere Belvilla: overnachten in de Ardennen","datePublished":"2022-12-13T15:42:58+00:00","dateModified":"2023-10-22T11:05:19+00:00","mainEntityOfPage":{"@id":"https:\/\/www.belvilla.nl\/blog\/bijzonder-overnachten-in-de-ardennen-in-deze-boerderij\/"},"wordCount":426,"commentCount":0,"image":{"@id":"https:\/\/www.belvilla.nl\/blog\/bijzonder-overnachten-in-de-ardennen-in-deze-boerderij\/#primaryimage"},"thumbnailUrl":"https:\/\/www.belvilla.nl\/blog\/wp-content\/uploads\/sites\/6\/2019\/07\/d694f320.f10.webp","articleSection":["Ardennen","Beleven","Belgi\u00eb","Bijzondere Belvilla's","Inspiratie","Natuur","Vakantiehuis met verhaal"],"inLanguage":"nl-NL","potentialAction":[{"@type":"CommentAction","name":"Comment","target":["https:\/\/www.belvilla.nl\/blog\/bijzonder-overnachten-in-de-ardennen-in-deze-boerderij\/#respond"]}]},{"@type":"WebPage","@id":"https:\/\/www.belvilla.nl\/blog\/bijzonder-overnachten-in-de-ardennen-in-deze-boerderij\/","url":"https:\/\/www.belvilla.nl\/blog\/bijzonder-overnachten-in-de-ardennen-in-deze-boerderij\/","name":"Bijzondere Belvilla: overnachten in de Ardennen | Belvilla","isPartOf":{"@id":"https:\/\/www.belvilla.nl\/blog\/#website"},"primaryImageOfPage":{"@id":"https:\/\/www.belvilla.nl\/blog\/bijzonder-overnachten-in-de-ardennen-in-deze-boerderij\/#primaryimage"},"image":{"@id":"https:\/\/www.belvilla.nl\/blog\/bijzonder-overnachten-in-de-ardennen-in-deze-boerderij\/#primaryimage"},"thumbnailUrl":"https:\/\/www.belvilla.nl\/blog\/wp-content\/uploads\/sites\/6\/2019\/07\/d694f320.f10.webp","datePublished":"2022-12-13T15:42:58+00:00","dateModified":"2023-10-22T11:05:19+00:00","author":{"@id":"https:\/\/www.belvilla.nl\/blog\/#\/schema\/person\/7a68da0f1f5100cf652f73311fea426f"},"description":"Een verblijf in deze avontuurlijke boerderij belooft een unieke beleving. Dat is pas bijzonder overnachten in de Belgische Ardennen!","breadcrumb":{"@id":"https:\/\/www.belvilla.nl\/blog\/bijzonder-overnachten-in-de-ardennen-in-deze-boerderij\/#breadcrumb"},"inLanguage":"nl-NL","potentialAction":[{"@type":"ReadAction","target":["https:\/\/www.belvilla.nl\/blog\/bijzonder-overnachten-in-de-ardennen-in-deze-boerderij\/"]}]},{"@type":"ImageObject","inLanguage":"nl-NL","@id":"https:\/\/www.belvilla.nl\/blog\/bijzonder-overnachten-in-de-ardennen-in-deze-boerderij\/#primaryimage","url":"https:\/\/www.belvilla.nl\/blog\/wp-content\/uploads\/sites\/6\/2019\/07\/d694f320.f10.webp","contentUrl":"https:\/\/www.belvilla.nl\/blog\/wp-content\/uploads\/sites\/6\/2019\/07\/d694f320.f10.webp","width":1024,"height":683,"caption":"Vakantiehuis La Merveille in de Belgische Ardennen"},{"@type":"BreadcrumbList","@id":"https:\/\/www.belvilla.nl\/blog\/bijzonder-overnachten-in-de-ardennen-in-deze-boerderij\/#breadcrumb","itemListElement":[{"@type":"ListItem","position":1,"name":"Home","item":"https:\/\/www.belvilla.nl\/blog\/"},{"@type":"ListItem","position":2,"name":"Bijzondere Belvilla: overnachten in de Ardennen"}]},{"@type":"WebSite","@id":"https:\/\/www.belvilla.nl\/blog\/#website","url":"https:\/\/www.belvilla.nl\/blog\/","name":"Belvilla Blog NL","description":"","potentialAction":[{"@type":"SearchAction","target":{"@type":"EntryPoint","urlTemplate":"https:\/\/www.belvilla.nl\/blog\/?s={search_term_string}"},"query-input":{"@type":"PropertyValueSpecification","valueRequired":true,"valueName":"search_term_string"}}],"inLanguage":"nl-NL"},{"@type":"Person","@id":"https:\/\/www.belvilla.nl\/blog\/#\/schema\/person\/7a68da0f1f5100cf652f73311fea426f","name":"Viktar","image":{"@type":"ImageObject","inLanguage":"nl-NL","@id":"https:\/\/secure.gravatar.com\/avatar\/2769e1632bd460b1d7344ee3c118c77f263dd790438ee92c44c552e0e33630c0?s=96&d=mm&r=g","url":"https:\/\/secure.gravatar.com\/avatar\/2769e1632bd460b1d7344ee3c118c77f263dd790438ee92c44c552e0e33630c0?s=96&d=mm&r=g","contentUrl":"https:\/\/secure.gravatar.com\/avatar\/2769e1632bd460b1d7344ee3c118c77f263dd790438ee92c44c552e0e33630c0?s=96&d=mm&r=g","caption":"Viktar"},"sameAs":["https:\/\/oyomon.in"]}]}},"_links":{"self":[{"href":"https:\/\/www.belvilla.nl\/blog\/wp-json\/wp\/v2\/posts\/5675","targetHints":{"allow":["GET"]}}],"collection":[{"href":"https:\/\/www.belvilla.nl\/blog\/wp-json\/wp\/v2\/posts"}],"about":[{"href":"https:\/\/www.belvilla.nl\/blog\/wp-json\/wp\/v2\/types\/post"}],"author":[{"embeddable":true,"href":"https:\/\/www.belvilla.nl\/blog\/wp-json\/wp\/v2\/users\/1"}],"replies":[{"embeddable":true,"href":"https:\/\/www.belvilla.nl\/blog\/wp-json\/wp\/v2\/comments?post=5675"}],"version-history":[{"count":11,"href":"https:\/\/www.belvilla.nl\/blog\/wp-json\/wp\/v2\/posts\/5675\/revisions"}],"predecessor-version":[{"id":13234,"href":"https:\/\/www.belvilla.nl\/blog\/wp-json\/wp\/v2\/posts\/5675\/revisions\/13234"}],"wp:featuredmedia":[{"embeddable":true,"href":"https:\/\/www.belvilla.nl\/blog\/wp-json\/wp\/v2\/media\/11114"}],"wp:attachment":[{"href":"https:\/\/www.belvilla.nl\/blog\/wp-json\/wp\/v2\/media?parent=5675"}],"wp:term":[{"taxonomy":"category","embeddable":true,"href":"https:\/\/www.belvilla.nl\/blog\/wp-json\/wp\/v2\/categories?post=5675"},{"taxonomy":"post_tag","embeddable":true,"href":"https:\/\/www.belvilla.nl\/blog\/wp-json\/wp\/v2\/tags?post=5675"},{"taxonomy":"location","embeddable":true,"href":"https:\/\/www.belvilla.nl\/blog\/wp-json\/wp\/v2\/location?post=5675"}],"curies":[{"name":"wp","href":"https:\/\/api.w.org\/{rel}","templated":true}]}}