{"id":5288,"date":"2022-03-01T00:00:00","date_gmt":"2022-12-13T15:36:33","guid":{"rendered":"https:\/\/www.belvilla.nl\/blog\/?p=5288"},"modified":"2023-10-22T09:26:58","modified_gmt":"2023-10-22T09:26:58","slug":"nieuw-bij-belvilla-by-oyo-luxe-appartementen-in-breskens","status":"publish","type":"post","link":"https:\/\/www.belvilla.nl\/blog\/nieuw-bij-belvilla-by-oyo-luxe-appartementen-in-breskens\/","title":{"rendered":"Nieuw bij Belvilla by OYO: luxe appartementen in Breskens"},"content":{"rendered":"<br \/>\n<h3><strong>Storm, de koude wind en regen\u2026 wat gaat het snel vervelen h\u00e8! Wij verlangen heel erg naar warmere dagen, zonnestralen op ons gezicht en heerlijk relaxen aan zee. Kijk jij ook zo uit naar de zomer? Dan word je vast ook erg blij van deze prachtig ingerichte, spiksplinternieuwe en luxe appartementen, in het gezellige vissersdorp Breskens.<\/strong><\/h3>\n<p>Breskens, een ideale plek om van een <a href=\"https:\/\/www.belvilla.nl\/blog\/goedkope-vakantie\/\">vakantie<\/a> aan zee te genieten. Of je nou gaat voor een paar weken of een lang weekend er is altijd genoeg te zien en te beleven. Maar als je slim bent ga je \u00e9\u00e9n of meer weken, je loopt namelijk vanuit je appartement zo het strand op, het echte beachlife ervaren! <\/p>\n<p>Het gezellige centrum en de jachthaven van Breskens liggen op slechts een paar minuutjes lopen, onderweg struin je lekker langs de winkeltjes en geniet je van de mooie zeilboten. Op \u00e9\u00e9n van de vele terrasjes een drankje bestellen of een lekker hapje eten bij de vele (vis-)restaurants of strandpaviljoens? Breskens biedt het allemaal!&nbsp;<\/p>\n<p>En daarna is het zo fijn \u2018thuiskomen\u2019 in je prachtige appartement! Belvilla by OYO biedt 3 verschillende types: Dunes, Pearl en Ocean. Ontdek hier welk type het best bij jouw wensen past; <a href=\"https:\/\/www.belvilla.nl\/vakantiehuizen\/luxe-appartement-breskens-4-personen-NL-4511-52?arrival_date=2022-03-01&amp;nights=7&amp;pax=2\"><strong>Dunes<\/strong><\/a> is geschikt voor maximaal 4 personen, met 2 slaapkamers, 2 badkamers en zelfs 2 balkons. <\/p>\n<figure class=\"wp-block-image\"><img loading=\"lazy\" decoding=\"async\" src=\"https:\/\/www.belvilla.nl\/blog\/wp-content\/uploads\/sites\/6\/2022\/03\/NL-4511-52-1096x683.jpg\" alt=\"\" width=\"1096\" height=\"683\" class=\"aligncenter size-medium wp-image-5285\" \/><\/figure>\n<p>De prachtig ingerichte hoekappartementen van het type <strong><a href=\"https:\/\/www.belvilla.nl\/vakantiehuizen\/luxe-appartement-breskens-4-personen-NL-4511-53?arrival_date=2022-03-01&amp;nights=7&amp;pax=2\">Pearl<\/a><\/strong> zijn ruim en luxe, met prachtig uitzicht over de kleine haven van Breskens en de rivier de Schelde. Geschikt voor 4 personen met een ruime woonkamer, open keuken, 2 slaapkamers en 2 badkamers. Het terras loopt volledig rondom je appartement zodat je altijd een mooi plekje hebt om te genieten van de voorbij varende schepen en zeilboten.<\/p>\n<figure class=\"wp-block-image\"><img loading=\"lazy\" decoding=\"async\" src=\"https:\/\/www.belvilla.nl\/blog\/wp-content\/uploads\/sites\/6\/2022\/03\/NL-4511-53-1096x683.jpg\" alt=\"\" width=\"1096\" height=\"683\" class=\"aligncenter size-medium wp-image-5286\" \/><\/figure>\n<p>Bestaat jouw gezelschap uit meer dan 4 personen? Dan is een verblijf in het type <strong><a href=\"https:\/\/www.belvilla.nl\/vakantiehuizen\/luxe-appartement-breskens-6-personen-NL-4511-54?arrival_date=2022-03-04&amp;nights=7&amp;pax=2\">Ocean<\/a><\/strong> perfect! Dit appartement heeft 3 slaapkamers, 2 badkamers en het is geschikt voor maximaal 6 personen. Ook hier vind je een prachtig ingerichte woonkamer met een open keuken en uitzicht vanaf je terras op het strand en de Noordzee. <\/p>\n<figure class=\"wp-block-image\"><img loading=\"lazy\" decoding=\"async\" src=\"https:\/\/www.belvilla.nl\/blog\/wp-content\/uploads\/sites\/6\/2022\/03\/NL-4511-54-1096x683.jpg\" alt=\"\" width=\"1096\" height=\"683\" class=\"aligncenter size-medium wp-image-5287\" \/><\/figure>\n<p>Wat deze appartementen bijzonder maakt is de gedeeltelijke hotel service.Bij aankomst zijn de bedden opgemaakt en liggen de handdoeken en een strandlaken klaar voor gebruik.<\/p>\n<p>Breskens is een prima uitvalsbasis voor fiets- of wandeltochten. Je vindt er prachtige natuur; ontdek bijvoorbeeld de polders, wandel of fiets langs de vele kreekjes en ontdek de leuke dorpjes van Zeeuws-Vlaanderen. Vlissingen, Middelburg en Veere zijn makkelijk te bereiken via het voet-\/fietsveer vanuit Breskens, superleuk voor een dagexcursie naar het eiland Walcheren.&nbsp;<\/p>\n<p>Zoek je meer actie? Je verblijft dicht bij de zee en dat biedt mogelijkheden! Je kunt hier zeilen, surfen, kitesurfen, suppen, kano\u00ebn en zelfs branding kajakken\u2026 ben je nog niet zo ervaren, dan zijn er verschillende mogelijkheden om een paar lessen te volgen of om eens mee te varen.&nbsp;<\/p>\n<h3><strong>Wil jij verzekerd zijn van een heerlijke vakantie, boek dan hier \u00e9\u00e9n van deze fantastische appartementen! <\/strong><br \/><\/h3>\n<h4><a href=\"https:\/\/www.belvilla.nl\/vakantiehuizen\/luxe-appartement-breskens-4-personen-NL-4511-52?arrival_date=2022-03-01&amp;nights=7&amp;pax=2\">Dunes<\/a>: 4 personen, 2 slaapkamers, 2 badkamers en 2 balkons <br \/><a href=\"https:\/\/www.belvilla.nl\/vakantiehuizen\/luxe-appartement-breskens-4-personen-NL-4511-53?arrival_date=2022-03-01&amp;nights=7&amp;pax=2\">Pearl<\/a>: 4 personen, 2 slaapkamers, 2 badkamers, hoekappartement, rondom terras <br \/><a href=\"https:\/\/www.belvilla.nl\/vakantiehuizen\/luxe-appartement-breskens-6-personen-NL-4511-54?arrival_date=2022-03-04&amp;nights=7&amp;pax=2\">Ocean<\/a>: 6 personen, 3 slaapkamers, 2 badkamers, hoekappartement, frontaal zeezicht <\/h4>\n<p><strong><br \/><\/strong><\/p>\n","protected":false},"excerpt":{"rendered":"<p>Storm, de koude wind en regen\u2026 wat gaat het snel vervelen h\u00e8! Wij verlangen heel erg naar warmere dagen, zonnestralen&hellip;<\/p>\n","protected":false},"author":1,"featured_media":5289,"comment_status":"open","ping_status":"open","sticky":false,"template":"","format":"standard","meta":{"footnotes":""},"categories":[94,95,110,108,111,112,113,93,114,115,96,103,97,109,98,116,117,118,119,100],"tags":[],"location":[],"class_list":["post-5288","post","type-post","status-publish","format-standard","has-post-thumbnail","hentry","category-actief","category-algemeen","category-belvilla-exclusive","category-frankrijk","category-golfvakantie","category-griekenland","category-groot-brittannie","category-inspiratie","category-italie","category-kroatie","category-met-de-hond","category-met-kinderen","category-natuur","category-nederland","category-ontdekken","category-overwinteren","category-portugal","category-spanje","category-toppers","category-zien"],"acf":[],"yoast_head":"<!-- This site is optimized with the Yoast SEO plugin v27.5 - https:\/\/yoast.com\/product\/yoast-seo-wordpress\/ -->\n<title>Nieuw bij Belvilla by OYO: luxe appartementen in Breskens | Belvilla Blog<\/title>\n<meta name=\"description\" content=\"Kijk jij ook zo uit naar de zomer? Dan word je vast ook erg blij van deze prachtig ingerichte, spiksplinternieuwe en luxe appartementen in Breskens.\" \/>\n<meta name=\"robots\" content=\"index, follow, max-snippet:-1, max-image-preview:large, max-video-preview:-1\" \/>\n<link rel=\"canonical\" href=\"https:\/\/www.belvilla.nl\/blog\/nieuw-bij-belvilla-by-oyo-luxe-appartementen-in-breskens\/\" \/>\n<meta property=\"og:locale\" content=\"nl_NL\" \/>\n<meta property=\"og:type\" content=\"article\" \/>\n<meta property=\"og:title\" content=\"Nieuw bij Belvilla by OYO: luxe appartementen in Breskens | Belvilla Blog\" \/>\n<meta property=\"og:description\" content=\"Kijk jij ook zo uit naar de zomer? Dan word je vast ook erg blij van deze prachtig ingerichte, spiksplinternieuwe en luxe appartementen in Breskens.\" \/>\n<meta property=\"og:url\" content=\"https:\/\/www.belvilla.nl\/blog\/nieuw-bij-belvilla-by-oyo-luxe-appartementen-in-breskens\/\" \/>\n<meta property=\"og:site_name\" content=\"Belvilla Blog NL\" \/>\n<meta property=\"article:published_time\" content=\"2022-12-13T15:36:33+00:00\" \/>\n<meta property=\"article:modified_time\" content=\"2023-10-22T09:26:58+00:00\" \/>\n<meta property=\"og:image\" content=\"https:\/\/www.belvilla.nl\/blog\/wp-content\/uploads\/sites\/6\/2022\/03\/Header-image-1.jpg\" \/>\n\t<meta property=\"og:image:width\" content=\"1240\" \/>\n\t<meta property=\"og:image:height\" content=\"483\" \/>\n\t<meta property=\"og:image:type\" content=\"image\/jpeg\" \/>\n<meta name=\"author\" content=\"Viktar\" \/>\n<meta name=\"twitter:card\" content=\"summary_large_image\" \/>\n<meta name=\"twitter:label1\" content=\"Geschreven door\" \/>\n\t<meta name=\"twitter:data1\" content=\"Viktar\" \/>\n\t<meta name=\"twitter:label2\" content=\"Geschatte leestijd\" \/>\n\t<meta name=\"twitter:data2\" content=\"2 minuten\" \/>\n<script type=\"application\/ld+json\" class=\"yoast-schema-graph\">{\"@context\":\"https:\\\/\\\/schema.org\",\"@graph\":[{\"@type\":\"Article\",\"@id\":\"https:\\\/\\\/www.belvilla.nl\\\/blog\\\/nieuw-bij-belvilla-by-oyo-luxe-appartementen-in-breskens\\\/#article\",\"isPartOf\":{\"@id\":\"https:\\\/\\\/www.belvilla.nl\\\/blog\\\/nieuw-bij-belvilla-by-oyo-luxe-appartementen-in-breskens\\\/\"},\"author\":{\"name\":\"Viktar\",\"@id\":\"https:\\\/\\\/www.belvilla.nl\\\/blog\\\/#\\\/schema\\\/person\\\/7a68da0f1f5100cf652f73311fea426f\"},\"headline\":\"Nieuw bij Belvilla by OYO: luxe appartementen in Breskens\",\"datePublished\":\"2022-12-13T15:36:33+00:00\",\"dateModified\":\"2023-10-22T09:26:58+00:00\",\"mainEntityOfPage\":{\"@id\":\"https:\\\/\\\/www.belvilla.nl\\\/blog\\\/nieuw-bij-belvilla-by-oyo-luxe-appartementen-in-breskens\\\/\"},\"wordCount\":502,\"commentCount\":0,\"image\":{\"@id\":\"https:\\\/\\\/www.belvilla.nl\\\/blog\\\/nieuw-bij-belvilla-by-oyo-luxe-appartementen-in-breskens\\\/#primaryimage\"},\"thumbnailUrl\":\"https:\\\/\\\/www.belvilla.nl\\\/blog\\\/wp-content\\\/uploads\\\/sites\\\/6\\\/2022\\\/03\\\/Header-image-1.jpg\",\"articleSection\":[\"Actief\",\"Algemeen\",\"Belvilla Exclusive\",\"Frankrijk\",\"Golfvakantie\",\"Griekenland\",\"Groot-Brittanni\u00eb\",\"Inspiratie\",\"Itali\u00eb\",\"Kroati\u00eb\",\"Met de hond\",\"Met kinderen\",\"Natuur\",\"Nederland\",\"Ontdekken\",\"Overwinteren\",\"Portugal\",\"Spanje\",\"Toppers\",\"Zien\"],\"inLanguage\":\"nl-NL\",\"potentialAction\":[{\"@type\":\"CommentAction\",\"name\":\"Comment\",\"target\":[\"https:\\\/\\\/www.belvilla.nl\\\/blog\\\/nieuw-bij-belvilla-by-oyo-luxe-appartementen-in-breskens\\\/#respond\"]}]},{\"@type\":\"WebPage\",\"@id\":\"https:\\\/\\\/www.belvilla.nl\\\/blog\\\/nieuw-bij-belvilla-by-oyo-luxe-appartementen-in-breskens\\\/\",\"url\":\"https:\\\/\\\/www.belvilla.nl\\\/blog\\\/nieuw-bij-belvilla-by-oyo-luxe-appartementen-in-breskens\\\/\",\"name\":\"Nieuw bij Belvilla by OYO: luxe appartementen in Breskens | Belvilla Blog\",\"isPartOf\":{\"@id\":\"https:\\\/\\\/www.belvilla.nl\\\/blog\\\/#website\"},\"primaryImageOfPage\":{\"@id\":\"https:\\\/\\\/www.belvilla.nl\\\/blog\\\/nieuw-bij-belvilla-by-oyo-luxe-appartementen-in-breskens\\\/#primaryimage\"},\"image\":{\"@id\":\"https:\\\/\\\/www.belvilla.nl\\\/blog\\\/nieuw-bij-belvilla-by-oyo-luxe-appartementen-in-breskens\\\/#primaryimage\"},\"thumbnailUrl\":\"https:\\\/\\\/www.belvilla.nl\\\/blog\\\/wp-content\\\/uploads\\\/sites\\\/6\\\/2022\\\/03\\\/Header-image-1.jpg\",\"datePublished\":\"2022-12-13T15:36:33+00:00\",\"dateModified\":\"2023-10-22T09:26:58+00:00\",\"author\":{\"@id\":\"https:\\\/\\\/www.belvilla.nl\\\/blog\\\/#\\\/schema\\\/person\\\/7a68da0f1f5100cf652f73311fea426f\"},\"description\":\"Kijk jij ook zo uit naar de zomer? Dan word je vast ook erg blij van deze prachtig ingerichte, spiksplinternieuwe en luxe appartementen in Breskens.\",\"breadcrumb\":{\"@id\":\"https:\\\/\\\/www.belvilla.nl\\\/blog\\\/nieuw-bij-belvilla-by-oyo-luxe-appartementen-in-breskens\\\/#breadcrumb\"},\"inLanguage\":\"nl-NL\",\"potentialAction\":[{\"@type\":\"ReadAction\",\"target\":[\"https:\\\/\\\/www.belvilla.nl\\\/blog\\\/nieuw-bij-belvilla-by-oyo-luxe-appartementen-in-breskens\\\/\"]}]},{\"@type\":\"ImageObject\",\"inLanguage\":\"nl-NL\",\"@id\":\"https:\\\/\\\/www.belvilla.nl\\\/blog\\\/nieuw-bij-belvilla-by-oyo-luxe-appartementen-in-breskens\\\/#primaryimage\",\"url\":\"https:\\\/\\\/www.belvilla.nl\\\/blog\\\/wp-content\\\/uploads\\\/sites\\\/6\\\/2022\\\/03\\\/Header-image-1.jpg\",\"contentUrl\":\"https:\\\/\\\/www.belvilla.nl\\\/blog\\\/wp-content\\\/uploads\\\/sites\\\/6\\\/2022\\\/03\\\/Header-image-1.jpg\",\"width\":1240,\"height\":483},{\"@type\":\"BreadcrumbList\",\"@id\":\"https:\\\/\\\/www.belvilla.nl\\\/blog\\\/nieuw-bij-belvilla-by-oyo-luxe-appartementen-in-breskens\\\/#breadcrumb\",\"itemListElement\":[{\"@type\":\"ListItem\",\"position\":1,\"name\":\"Home\",\"item\":\"https:\\\/\\\/www.belvilla.nl\\\/blog\\\/\"},{\"@type\":\"ListItem\",\"position\":2,\"name\":\"Nieuw bij Belvilla by OYO: luxe appartementen in Breskens\"}]},{\"@type\":\"WebSite\",\"@id\":\"https:\\\/\\\/www.belvilla.nl\\\/blog\\\/#website\",\"url\":\"https:\\\/\\\/www.belvilla.nl\\\/blog\\\/\",\"name\":\"Belvilla Blog NL\",\"description\":\"\",\"potentialAction\":[{\"@type\":\"SearchAction\",\"target\":{\"@type\":\"EntryPoint\",\"urlTemplate\":\"https:\\\/\\\/www.belvilla.nl\\\/blog\\\/?s={search_term_string}\"},\"query-input\":{\"@type\":\"PropertyValueSpecification\",\"valueRequired\":true,\"valueName\":\"search_term_string\"}}],\"inLanguage\":\"nl-NL\"},{\"@type\":\"Person\",\"@id\":\"https:\\\/\\\/www.belvilla.nl\\\/blog\\\/#\\\/schema\\\/person\\\/7a68da0f1f5100cf652f73311fea426f\",\"name\":\"Viktar\",\"image\":{\"@type\":\"ImageObject\",\"inLanguage\":\"nl-NL\",\"@id\":\"https:\\\/\\\/secure.gravatar.com\\\/avatar\\\/2769e1632bd460b1d7344ee3c118c77f263dd790438ee92c44c552e0e33630c0?s=96&d=mm&r=g\",\"url\":\"https:\\\/\\\/secure.gravatar.com\\\/avatar\\\/2769e1632bd460b1d7344ee3c118c77f263dd790438ee92c44c552e0e33630c0?s=96&d=mm&r=g\",\"contentUrl\":\"https:\\\/\\\/secure.gravatar.com\\\/avatar\\\/2769e1632bd460b1d7344ee3c118c77f263dd790438ee92c44c552e0e33630c0?s=96&d=mm&r=g\",\"caption\":\"Viktar\"},\"sameAs\":[\"https:\\\/\\\/oyomon.in\"]}]}<\/script>\n<!-- \/ Yoast SEO plugin. -->","yoast_head_json":{"title":"Nieuw bij Belvilla by OYO: luxe appartementen in Breskens | Belvilla Blog","description":"Kijk jij ook zo uit naar de zomer? Dan word je vast ook erg blij van deze prachtig ingerichte, spiksplinternieuwe en luxe appartementen in Breskens.","robots":{"index":"index","follow":"follow","max-snippet":"max-snippet:-1","max-image-preview":"max-image-preview:large","max-video-preview":"max-video-preview:-1"},"canonical":"https:\/\/www.belvilla.nl\/blog\/nieuw-bij-belvilla-by-oyo-luxe-appartementen-in-breskens\/","og_locale":"nl_NL","og_type":"article","og_title":"Nieuw bij Belvilla by OYO: luxe appartementen in Breskens | Belvilla Blog","og_description":"Kijk jij ook zo uit naar de zomer? Dan word je vast ook erg blij van deze prachtig ingerichte, spiksplinternieuwe en luxe appartementen in Breskens.","og_url":"https:\/\/www.belvilla.nl\/blog\/nieuw-bij-belvilla-by-oyo-luxe-appartementen-in-breskens\/","og_site_name":"Belvilla Blog NL","article_published_time":"2022-12-13T15:36:33+00:00","article_modified_time":"2023-10-22T09:26:58+00:00","og_image":[{"width":1240,"height":483,"url":"https:\/\/www.belvilla.nl\/blog\/wp-content\/uploads\/sites\/6\/2022\/03\/Header-image-1.jpg","type":"image\/jpeg"}],"author":"Viktar","twitter_card":"summary_large_image","twitter_misc":{"Geschreven door":"Viktar","Geschatte leestijd":"2 minuten"},"schema":{"@context":"https:\/\/schema.org","@graph":[{"@type":"Article","@id":"https:\/\/www.belvilla.nl\/blog\/nieuw-bij-belvilla-by-oyo-luxe-appartementen-in-breskens\/#article","isPartOf":{"@id":"https:\/\/www.belvilla.nl\/blog\/nieuw-bij-belvilla-by-oyo-luxe-appartementen-in-breskens\/"},"author":{"name":"Viktar","@id":"https:\/\/www.belvilla.nl\/blog\/#\/schema\/person\/7a68da0f1f5100cf652f73311fea426f"},"headline":"Nieuw bij Belvilla by OYO: luxe appartementen in Breskens","datePublished":"2022-12-13T15:36:33+00:00","dateModified":"2023-10-22T09:26:58+00:00","mainEntityOfPage":{"@id":"https:\/\/www.belvilla.nl\/blog\/nieuw-bij-belvilla-by-oyo-luxe-appartementen-in-breskens\/"},"wordCount":502,"commentCount":0,"image":{"@id":"https:\/\/www.belvilla.nl\/blog\/nieuw-bij-belvilla-by-oyo-luxe-appartementen-in-breskens\/#primaryimage"},"thumbnailUrl":"https:\/\/www.belvilla.nl\/blog\/wp-content\/uploads\/sites\/6\/2022\/03\/Header-image-1.jpg","articleSection":["Actief","Algemeen","Belvilla Exclusive","Frankrijk","Golfvakantie","Griekenland","Groot-Brittanni\u00eb","Inspiratie","Itali\u00eb","Kroati\u00eb","Met de hond","Met kinderen","Natuur","Nederland","Ontdekken","Overwinteren","Portugal","Spanje","Toppers","Zien"],"inLanguage":"nl-NL","potentialAction":[{"@type":"CommentAction","name":"Comment","target":["https:\/\/www.belvilla.nl\/blog\/nieuw-bij-belvilla-by-oyo-luxe-appartementen-in-breskens\/#respond"]}]},{"@type":"WebPage","@id":"https:\/\/www.belvilla.nl\/blog\/nieuw-bij-belvilla-by-oyo-luxe-appartementen-in-breskens\/","url":"https:\/\/www.belvilla.nl\/blog\/nieuw-bij-belvilla-by-oyo-luxe-appartementen-in-breskens\/","name":"Nieuw bij Belvilla by OYO: luxe appartementen in Breskens | Belvilla Blog","isPartOf":{"@id":"https:\/\/www.belvilla.nl\/blog\/#website"},"primaryImageOfPage":{"@id":"https:\/\/www.belvilla.nl\/blog\/nieuw-bij-belvilla-by-oyo-luxe-appartementen-in-breskens\/#primaryimage"},"image":{"@id":"https:\/\/www.belvilla.nl\/blog\/nieuw-bij-belvilla-by-oyo-luxe-appartementen-in-breskens\/#primaryimage"},"thumbnailUrl":"https:\/\/www.belvilla.nl\/blog\/wp-content\/uploads\/sites\/6\/2022\/03\/Header-image-1.jpg","datePublished":"2022-12-13T15:36:33+00:00","dateModified":"2023-10-22T09:26:58+00:00","author":{"@id":"https:\/\/www.belvilla.nl\/blog\/#\/schema\/person\/7a68da0f1f5100cf652f73311fea426f"},"description":"Kijk jij ook zo uit naar de zomer? Dan word je vast ook erg blij van deze prachtig ingerichte, spiksplinternieuwe en luxe appartementen in Breskens.","breadcrumb":{"@id":"https:\/\/www.belvilla.nl\/blog\/nieuw-bij-belvilla-by-oyo-luxe-appartementen-in-breskens\/#breadcrumb"},"inLanguage":"nl-NL","potentialAction":[{"@type":"ReadAction","target":["https:\/\/www.belvilla.nl\/blog\/nieuw-bij-belvilla-by-oyo-luxe-appartementen-in-breskens\/"]}]},{"@type":"ImageObject","inLanguage":"nl-NL","@id":"https:\/\/www.belvilla.nl\/blog\/nieuw-bij-belvilla-by-oyo-luxe-appartementen-in-breskens\/#primaryimage","url":"https:\/\/www.belvilla.nl\/blog\/wp-content\/uploads\/sites\/6\/2022\/03\/Header-image-1.jpg","contentUrl":"https:\/\/www.belvilla.nl\/blog\/wp-content\/uploads\/sites\/6\/2022\/03\/Header-image-1.jpg","width":1240,"height":483},{"@type":"BreadcrumbList","@id":"https:\/\/www.belvilla.nl\/blog\/nieuw-bij-belvilla-by-oyo-luxe-appartementen-in-breskens\/#breadcrumb","itemListElement":[{"@type":"ListItem","position":1,"name":"Home","item":"https:\/\/www.belvilla.nl\/blog\/"},{"@type":"ListItem","position":2,"name":"Nieuw bij Belvilla by OYO: luxe appartementen in Breskens"}]},{"@type":"WebSite","@id":"https:\/\/www.belvilla.nl\/blog\/#website","url":"https:\/\/www.belvilla.nl\/blog\/","name":"Belvilla Blog NL","description":"","potentialAction":[{"@type":"SearchAction","target":{"@type":"EntryPoint","urlTemplate":"https:\/\/www.belvilla.nl\/blog\/?s={search_term_string}"},"query-input":{"@type":"PropertyValueSpecification","valueRequired":true,"valueName":"search_term_string"}}],"inLanguage":"nl-NL"},{"@type":"Person","@id":"https:\/\/www.belvilla.nl\/blog\/#\/schema\/person\/7a68da0f1f5100cf652f73311fea426f","name":"Viktar","image":{"@type":"ImageObject","inLanguage":"nl-NL","@id":"https:\/\/secure.gravatar.com\/avatar\/2769e1632bd460b1d7344ee3c118c77f263dd790438ee92c44c552e0e33630c0?s=96&d=mm&r=g","url":"https:\/\/secure.gravatar.com\/avatar\/2769e1632bd460b1d7344ee3c118c77f263dd790438ee92c44c552e0e33630c0?s=96&d=mm&r=g","contentUrl":"https:\/\/secure.gravatar.com\/avatar\/2769e1632bd460b1d7344ee3c118c77f263dd790438ee92c44c552e0e33630c0?s=96&d=mm&r=g","caption":"Viktar"},"sameAs":["https:\/\/oyomon.in"]}]}},"_links":{"self":[{"href":"https:\/\/www.belvilla.nl\/blog\/wp-json\/wp\/v2\/posts\/5288","targetHints":{"allow":["GET"]}}],"collection":[{"href":"https:\/\/www.belvilla.nl\/blog\/wp-json\/wp\/v2\/posts"}],"about":[{"href":"https:\/\/www.belvilla.nl\/blog\/wp-json\/wp\/v2\/types\/post"}],"author":[{"embeddable":true,"href":"https:\/\/www.belvilla.nl\/blog\/wp-json\/wp\/v2\/users\/1"}],"replies":[{"embeddable":true,"href":"https:\/\/www.belvilla.nl\/blog\/wp-json\/wp\/v2\/comments?post=5288"}],"version-history":[{"count":1,"href":"https:\/\/www.belvilla.nl\/blog\/wp-json\/wp\/v2\/posts\/5288\/revisions"}],"predecessor-version":[{"id":9535,"href":"https:\/\/www.belvilla.nl\/blog\/wp-json\/wp\/v2\/posts\/5288\/revisions\/9535"}],"wp:featuredmedia":[{"embeddable":true,"href":"https:\/\/www.belvilla.nl\/blog\/wp-json\/wp\/v2\/media\/5289"}],"wp:attachment":[{"href":"https:\/\/www.belvilla.nl\/blog\/wp-json\/wp\/v2\/media?parent=5288"}],"wp:term":[{"taxonomy":"category","embeddable":true,"href":"https:\/\/www.belvilla.nl\/blog\/wp-json\/wp\/v2\/categories?post=5288"},{"taxonomy":"post_tag","embeddable":true,"href":"https:\/\/www.belvilla.nl\/blog\/wp-json\/wp\/v2\/tags?post=5288"},{"taxonomy":"location","embeddable":true,"href":"https:\/\/www.belvilla.nl\/blog\/wp-json\/wp\/v2\/location?post=5288"}],"curies":[{"name":"wp","href":"https:\/\/api.w.org\/{rel}","templated":true}]}}